{"id":141890,"date":"2022-02-27T05:06:22","date_gmt":"2022-02-27T10:06:22","guid":{"rendered":"https:\/\/linitiative.ca\/International\/crise-russo-ukrainienne-peril-sur-lapprovisionnement-du-cameroun-en-ble\/"},"modified":"2022-02-27T05:06:22","modified_gmt":"2022-02-27T10:06:22","slug":"crise-russo-ukrainienne-peril-sur-lapprovisionnement-du-cameroun-en-ble","status":"publish","type":"post","link":"https:\/\/linitiative.ca\/International\/crise-russo-ukrainienne-peril-sur-lapprovisionnement-du-cameroun-en-ble\/","title":{"rendered":"Crise russo-ukrainienne\u00a0: p\u00e9ril sur l\u2019approvisionnement\u00a0du Cameroun en bl\u00e9"},"content":{"rendered":"<div>\n<p>Au-del\u00e0 des pertes en vies humaines induites par ce qu\u2019il convient d\u00e9sormais d\u2019appeler la\u00a0\u00abCrise ukrainienne\u00bb, les gouvernements mondiaux redoutent \u00e9galement une envol\u00e9e des prix des mati\u00e8res premi\u00e8res, notamment le bl\u00e9. Il ne s\u2019agit m\u00eame plus de simples conjectures. Quelques heures apr\u00e8s l\u2019envahissement de la Russie par l\u2019Ukraine, le prix du bl\u00e9 a connu une ascension d\u00e9tonante, culminant \u00e0 344 euros la tonne, jeudi 24 f\u00e9vrier 2022 \u00e0 22h44, indique la soci\u00e9t\u00e9 de courtage Plantureux et Associ\u00e9s. Un chiffre in\u00e9dit jamais\u00a0 atteint jusqu\u2019ici, m\u00eame en 2014, apr\u00e8s l\u2019annexion de la Crim\u00e9e par l\u2019arm\u00e9e russe. Le cours de cette denr\u00e9e de premi\u00e8re n\u00e9cessit\u00e9 a ensuite baiss\u00e9, se maintenant tout de m\u00eame \u00e0 320 euros la tonne sur l\u2019\u00e9ch\u00e9ance de mars. Ces fluctuations aux tendances haussi\u00e8res pr\u00e9occupent instamment les traders mondiaux. Surtout que la Russie et l\u2019Ukraine repr\u00e9sentent 29% des exportations mondiales de bl\u00e9. Des inqui\u00e9tudes davantage accentu\u00e9es par des mouvements inhabituels pr\u00e8s des fronti\u00e8res des deux pays\u00a0\u00abl\u2019intensification des tensions a d\u00e9j\u00e0 pouss\u00e9 certain acheteurs a d\u00e9tourn\u00e9 des navires vers d\u2019autres fournisseurs, craignant que la guerre entraine de longs retards de chargements\u00bb, r\u00e9v\u00e8lent des traders interrog\u00e9s par l\u2019Agence de presse am\u00e9ricaine Reuters.<\/p>\n<p><strong>Lire aussi <\/strong>: <strong><a href=\"https:\/\/ecomatin.net\/crise-du-pain-limplacable-hausse-du-prix-que-refute-le-gouvernement\/\">Crise\u00a0: l\u2019implacable hausse du prix que r\u00e9fute le gouvernement<\/a><\/strong><\/p>\n<p>Au Cameroun, le Groupement des industries meuni\u00e8res (GIMC), principal importateur de bl\u00e9, craint \u00e9galement le pire. M\u00eame si pour le moment, il avoue qu\u2019il est difficile de savoir si la situation pr\u00e9caire d\u00e9crite plus haut, va perdurer. \u00abLa r\u00e9action est pareille dans tous les pays. \u00c7a va d\u00e9pendre de la mani\u00e8re dont la situation va continuer en Russie. Pour le moment on ne peut encore rien dire. On ne peut que craindre le pire. Est-ce qu\u2019on arrivera \u00e0 charger les navires\u00a0? Est-ce qu\u2019on arrivera \u00e0 les d\u00e9charger\u00a0? Ce sont des questions que tout le monde se pose. Vous savez jusqu\u2019ici il y avait risque de guerre, maintenant la guerre est l\u00e0. Qu\u2019est-ce que \u00e7a va engendrer\u00a0? Est-que les russes vont permettre que les navires rentrent sur leur territoire\u00a0? Ou ressortent comme ils veulent\u00a0? Tout \u00e7a ce sont des points d\u2019interrogation. On ne peut vraiment rien affirmer pour le moment\u00bb, a indiqu\u00e9 Alfred Momo Ebongue, Secr\u00e9taire g\u00e9n\u00e9ral du Groupement des industries meuni\u00e8res du Cameroun.<\/p>\n<p><strong>Lire aussi<\/strong> : <strong><a href=\"https:\/\/ecomatin.net\/importation-de-ble-les-allegements-fiscaux-du-gouvernement-juges-marginaux-par-les-meuniers\/\">Importation de bl\u00e9\u00a0: les all\u00e8gements fiscaux du gouvernement jug\u00e9s marginaux par les meuniers<\/a><\/strong><\/p>\n<p>Bien qu\u2019il soit encore tr\u00e8s t\u00f4t pour mesurer l\u2019impact que pourrait avoir cette guerre entre deux des plus grands exportateurs mondiaux de bl\u00e9 sur l\u2019approvisionnement du Cameroun en cette denr\u00e9e, le conflit qui les oppose intervient au moment o\u00f9 le pays a des difficult\u00e9s \u00e0 trouver des solutions efficientes pour satisfaire les exigences nationales. D\u2019ailleurs, tout r\u00e9cemment, bien avant l\u2019av\u00e8nement du conflit russo-ukrainien, \u00a0le Groupement des industries meuni\u00e8res du Cameroun avait saisi le gouvernement par voie de correspondance, pour solliciter la lev\u00e9e de certaines contraintes \u00e0 l\u2019importation du bl\u00e9, qui connaissait alors une hausse quasi r\u00e9guli\u00e8re \u00e0 l\u2019international. Finalement ce syndicat\u00a0 qui revendique 70% du march\u00e9 national de la farine avait d\u00e9cid\u00e9 de suspendre la livraison de bl\u00e9 et de son de bl\u00e9 sur toute l\u2019entendue du territoire. Une mesure que les meuniers ont justifi\u00e9e en convoquant l\u2019insuffisance des d\u00e9cisions prises par l\u2019Etat pour\u00a0 les contenter. Nul doute que si la guerre entre l\u2019Ukraine et la Russie perdure, et que les navires refusent toujours d\u2019accoster en Russie (l\u2019un des principaux\u00a0 fournisseurs du Cameroun en bl\u00e9) comme indiqu\u00e9 plus haut, les importateurs devront trouver de nouveaux fournisseurs. Ce qui induira certainement de nouvelles d\u00e9penses, dont la nature reste \u00e0 d\u00e9terminer.<\/p>\n<p><strong>Lire aussi<\/strong> : <strong><a href=\"https:\/\/ecomatin.net\/les-meuniers-suspendent-la-livraison-n-de-la-farine-de-ble-sur-toute-letendue-du-territoire-national\/\">Les meuniers suspendent la livraison de la farine de bl\u00e9 sur toute l\u2019\u00e9tendue du territoire national<\/a><\/strong><\/p>\n<p>L\u2019article <a rel=\"nofollow\" href=\"https:\/\/ecomatin.net\/crise-russo-ukrainienne-peril-sur-lapprovisionnement-du-cameroun-en-ble\/\">Crise russo-ukrainienne\u00a0: p\u00e9ril sur l\u2019approvisionnement\u00a0du Cameroun en bl\u00e9<\/a> est apparu en premier sur <a rel=\"nofollow\" href=\"https:\/\/ecomatin.net\/\">EcoMatin<\/a>.<\/p>\n<\/div>\n<p>Auteur: Paul Tjeg<br \/>\n<a href=\"https:\/\/ecomatin.net\/crise-russo-ukrainienne-peril-sur-lapprovisionnement-du-cameroun-en-ble\/\">Cliquez ici pour lire l&rsquo;article depuis sa source.<\/a><\/p>\n","protected":false},"excerpt":{"rendered":"<p>Au-del\u00e0 des pertes en vies humaines induites par ce qu\u2019il convient d\u00e9sormais d\u2019appeler la\u00a0\u00abCrise ukrainienne\u00bb, les gouvernements mondiaux redoutent \u00e9galement une envol\u00e9e des prix des mati\u00e8res premi\u00e8res, notamment le bl\u00e9. Il ne s\u2019agit m\u00eame plus de simples conjectures. Quelques heures apr\u00e8s l\u2019envahissement de la Russie par l\u2019Ukraine, le prix du bl\u00e9 a connu une ascension [&hellip;]<\/p>\n","protected":false},"author":1969,"featured_media":0,"comment_status":"closed","ping_status":"closed","sticky":false,"template":"","format":"standard","meta":{"fifu_image_url":"","fifu_image_alt":"","footnotes":""},"categories":[82,78],"tags":[],"class_list":["post-141890","post","type-post","status-publish","format-standard","hentry","category-cameroun","category-economie"],"_links":{"self":[{"href":"https:\/\/linitiative.ca\/International\/wp-json\/wp\/v2\/posts\/141890","targetHints":{"allow":["GET"]}}],"collection":[{"href":"https:\/\/linitiative.ca\/International\/wp-json\/wp\/v2\/posts"}],"about":[{"href":"https:\/\/linitiative.ca\/International\/wp-json\/wp\/v2\/types\/post"}],"author":[{"embeddable":true,"href":"https:\/\/linitiative.ca\/International\/wp-json\/wp\/v2\/users\/1969"}],"replies":[{"embeddable":true,"href":"https:\/\/linitiative.ca\/International\/wp-json\/wp\/v2\/comments?post=141890"}],"version-history":[{"count":0,"href":"https:\/\/linitiative.ca\/International\/wp-json\/wp\/v2\/posts\/141890\/revisions"}],"wp:attachment":[{"href":"https:\/\/linitiative.ca\/International\/wp-json\/wp\/v2\/media?parent=141890"}],"wp:term":[{"taxonomy":"category","embeddable":true,"href":"https:\/\/linitiative.ca\/International\/wp-json\/wp\/v2\/categories?post=141890"},{"taxonomy":"post_tag","embeddable":true,"href":"https:\/\/linitiative.ca\/International\/wp-json\/wp\/v2\/tags?post=141890"}],"curies":[{"name":"wp","href":"https:\/\/api.w.org\/{rel}","templated":true}]}}