{"id":141894,"date":"2022-02-28T08:00:37","date_gmt":"2022-02-28T13:00:37","guid":{"rendered":"https:\/\/linitiative.ca\/International\/les-atouts-humains-et-naturels-dal-hoceima-mis-en-avant\/"},"modified":"2022-02-28T08:00:37","modified_gmt":"2022-02-28T13:00:37","slug":"les-atouts-humains-et-naturels-dal-hoceima-mis-en-avant","status":"publish","type":"post","link":"https:\/\/linitiative.ca\/International\/les-atouts-humains-et-naturels-dal-hoceima-mis-en-avant\/","title":{"rendered":"Les atouts humains et naturels  d\u2019Al Hoceima mis en avant"},"content":{"rendered":"<div>\n<p><img loading=\"lazy\" decoding=\"async\" width=\"300\" height=\"153\" src=\"https:\/\/linitiative.ca\/International\/wp-content\/uploads\/sites\/23\/2022\/02\/Omar-Moro-conseil-reCC81gional-de-Tanger-TeCC81touan-Al-Hoceima-300x153-1.jpg\" class=\"attachment-medium size-medium wp-post-image\" alt=\"\" srcset=\"https:\/\/linitiative.ca\/International\/wp-content\/uploads\/sites\/23\/2022\/02\/Omar-Moro-conseil-reCC81gional-de-Tanger-TeCC81touan-Al-Hoceima-300x153-1.jpg 300w, https:\/\/aujourdhui.ma\/wp-content\/uploads\/2022\/02\/Omar-Moro-conseil-re\u0301gional-de-Tanger-Te\u0301touan-Al-Hoceima-274x140.jpg 274w, https:\/\/aujourdhui.ma\/wp-content\/uploads\/2022\/02\/Omar-Moro-conseil-re\u0301gional-de-Tanger-Te\u0301touan-Al-Hoceima.jpg 746w, https:\/\/aujourdhui.ma\/wp-content\/uploads\/2022\/02\/Omar-Moro-conseil-re\u0301gional-de-Tanger-Te\u0301touan-Al-Hoceima-165x84.jpg 165w, https:\/\/aujourdhui.ma\/wp-content\/uploads\/2022\/02\/Omar-Moro-conseil-re\u0301gional-de-Tanger-Te\u0301touan-Al-Hoceima-702x358.jpg 702w\" sizes=\"auto, (max-width: 300px) 100vw, 300px\"><\/p>\n<p><span style=\"color: #800000; font-size: 20px;\"><strong>Dans le cadre de la 7e \u00e9tape des rencontres consultatives pour l\u2019\u00e9laboration du PDR 2022- 2027<\/strong><\/span><\/p>\n<p>Le conseil r\u00e9gional de Tanger-T\u00e9touan-Al Hoceima (CR-TTA) poursuit son engagement pour l\u2019implication des diff\u00e9rents acteurs des huit pr\u00e9fectures et provinces pour l\u2019\u00e9laboration du plan de d\u00e9veloppement r\u00e9gional (PDR) au titre de la p\u00e9riode allant de 2022 \u00e0 2027 et \u00e0 la hauteur des ambitions d\u2019une r\u00e9gion en plein essor. Dans ce contexte, Omar Moro, pr\u00e9sident du CR-TTA, a pr\u00e9sid\u00e9, vendredi 25 f\u00e9vrier, \u00e0 Al Hoceima, une rencontre consultative autour du PDR 2022-2027, et ce comme septi\u00e8me \u00e9tape d\u2019une tourn\u00e9e r\u00e9gionale, lanc\u00e9e il y a plus d\u2019un mois, par le Conseil r\u00e9gional \u00e0 Fnideq. \u00abCes rencontres consultatives rentrent dans le cadre de l\u2019exercice des comp\u00e9tences propres de l\u2019institution r\u00e9gionale, prescrit par la loi n\u00b0 111-14 relative aux r\u00e9gions\u00bb, a affirm\u00e9 M. Moro.<\/p>\n<p>Le pr\u00e9sident du CR-TTA a soulign\u00e9 l\u2019importance de la position g\u00e9ographique strat\u00e9gique d\u2019Al Hoceima tout en mettant en avant les atouts humains et naturels de la province. M. Moro a fait part de la n\u00e9cessit\u00e9 d\u2019assurer l\u2019int\u00e9gration de tous ces atouts et l\u2019investissement dans l\u2019intelligence territoriale sur le territoire r\u00e9gional. Ce qui permet de \u00abr\u00e9aliser le d\u00e9veloppement \u00e9conomique, social et environnemental avec responsabilit\u00e9, rationalit\u00e9, gouvernance et justice spatiale et transitionnelle\u00bb, a-t-il dit, appelant ainsi l\u2019assistance \u00e0 tenir compte des besoins r\u00e9els de d\u00e9veloppement r\u00e9gional et d\u2019opter pour des projets r\u00e9alistes et faisables dans le cadre de l\u2019\u00e9laboration du nouveau PDR.<\/p>\n<p>Comme c\u2019est le cas pour les six autres r\u00e9gionales, cette rencontre s\u2019est distingu\u00e9e par la participation des diff\u00e9rents intervenants parmi les membres des Conseils \u00e9lus, les services ext\u00e9rieurs, les \u00e9tablissements publics, les Chambres professionnelles, le secteur priv\u00e9, les organes consultatifs et les repr\u00e9sentants de la soci\u00e9t\u00e9 civile. Elle s\u2019est d\u00e9roul\u00e9e \u00abdans le cadre de ce projet et conform\u00e9ment aux dispositions de la loi organique n\u00b0111-14 relative aux r\u00e9gions et selon le d\u00e9cret fixant la proc\u00e9dure d\u2019\u00e9laboration du PDR, de son suivi, de son actualisation, de son \u00e9valuation ainsi que les m\u00e9canismes de dialogue et de concertation pour son \u00e9laboration\u00bb, selon les organisateurs.<\/p>\n<p>Cette \u00e9tape a connu un expos\u00e9 technique sur les indicateurs socio-\u00e9conomiques de la province d\u2019Al Hoceima et les d\u00e9fis les plus importants en tenant compte des plus importants d\u00e9fis et orientations du sch\u00e9ma d\u2019am\u00e9nagement r\u00e9gional 2021-2046. Il s\u2019agissait \u00e9galement de la pr\u00e9sentation des principales lignes du PDR 2022 -2027, dont la version d\u00e9finitive servira, apr\u00e8s \u00eatre pass\u00e9e par toutes les phases de son \u00e9laboration et de sa mise en vigueur, \u00e0 la mise en place d\u2019une s\u00e9rie de projets et d\u2019actions permettant d\u2019insuffler une nouvelle dynamique au d\u00e9veloppement des huit pr\u00e9fectures et provinces que compte la r\u00e9gion. Et pour assurer une meilleure participation \u00e0 l\u2019\u00e9laboration de ce document, le Conseil r\u00e9gional a tenu \u00e0 rappeler \u00e0 cette occasion la mise en place de la nouvelle plateforme \u00e9lectronique de consultation publique sur ce nouveau programme, par le biais d\u2019un lien affich\u00e9 sur le site web officiel du CR-TTA www.crtta.ma.<br \/>\nCes expos\u00e9s officiels ont \u00e9t\u00e9 suivis, \u00e0 l\u2019instar des six autres \u00e9tapes r\u00e9gionales, par des discussions, dont l\u2019objectif est de faire impliquer dans une approche participative tous les intervenants dans la r\u00e9alisation de ce document.<\/p>\n<\/div>\n<p>Auteur: Najat Fa\u00efssal<br \/>\n<a href=\"https:\/\/aujourdhui.ma\/economie\/les-atouts-humains-et-naturels-dal-hoceima-mis-en-avant\">Cliquez ici pour lire l&rsquo;article depuis sa source.<\/a><\/p>\n","protected":false},"excerpt":{"rendered":"<p>Dans le cadre de la 7e \u00e9tape des rencontres consultatives pour l\u2019\u00e9laboration du PDR 2022- 2027 Le conseil r\u00e9gional de Tanger-T\u00e9touan-Al Hoceima (CR-TTA) poursuit son engagement pour l\u2019implication des diff\u00e9rents acteurs des huit pr\u00e9fectures et provinces pour l\u2019\u00e9laboration du plan de d\u00e9veloppement r\u00e9gional (PDR) au titre de la p\u00e9riode allant de 2022 \u00e0 2027 et [&hellip;]<\/p>\n","protected":false},"author":1759,"featured_media":0,"comment_status":"closed","ping_status":"closed","sticky":false,"template":"","format":"standard","meta":{"fifu_image_url":"https:\/\/aujourdhui.ma\/wp-content\/uploads\/2022\/02\/Omar-Moro-conseil-re\u0301gional-de-Tanger-Te\u0301touan-Al-Hoceima-300x153.jpg","fifu_image_alt":"Les atouts humains et naturels  d\u2019Al Hoceima mis en avant","footnotes":""},"categories":[73,54],"tags":[],"class_list":["post-141894","post","type-post","status-publish","format-standard","hentry","category-actualite","category-maroc"],"_links":{"self":[{"href":"https:\/\/linitiative.ca\/International\/wp-json\/wp\/v2\/posts\/141894","targetHints":{"allow":["GET"]}}],"collection":[{"href":"https:\/\/linitiative.ca\/International\/wp-json\/wp\/v2\/posts"}],"about":[{"href":"https:\/\/linitiative.ca\/International\/wp-json\/wp\/v2\/types\/post"}],"author":[{"embeddable":true,"href":"https:\/\/linitiative.ca\/International\/wp-json\/wp\/v2\/users\/1759"}],"replies":[{"embeddable":true,"href":"https:\/\/linitiative.ca\/International\/wp-json\/wp\/v2\/comments?post=141894"}],"version-history":[{"count":0,"href":"https:\/\/linitiative.ca\/International\/wp-json\/wp\/v2\/posts\/141894\/revisions"}],"wp:attachment":[{"href":"https:\/\/linitiative.ca\/International\/wp-json\/wp\/v2\/media?parent=141894"}],"wp:term":[{"taxonomy":"category","embeddable":true,"href":"https:\/\/linitiative.ca\/International\/wp-json\/wp\/v2\/categories?post=141894"},{"taxonomy":"post_tag","embeddable":true,"href":"https:\/\/linitiative.ca\/International\/wp-json\/wp\/v2\/tags?post=141894"}],"curies":[{"name":"wp","href":"https:\/\/api.w.org\/{rel}","templated":true}]}}