{"id":141896,"date":"2022-02-28T10:19:48","date_gmt":"2022-02-28T15:19:48","guid":{"rendered":"https:\/\/linitiative.ca\/International\/covid-19-maroc-la-situation-epidemiologique-au-28-fevrier-2022-a-16h00\/"},"modified":"2022-02-28T10:19:48","modified_gmt":"2022-02-28T15:19:48","slug":"covid-19-maroc-la-situation-epidemiologique-au-28-fevrier-2022-a-16h00","status":"publish","type":"post","link":"https:\/\/linitiative.ca\/International\/covid-19-maroc-la-situation-epidemiologique-au-28-fevrier-2022-a-16h00\/","title":{"rendered":"Covid-19 \/ Maroc : La situation \u00e9pid\u00e9miologique au 28 f\u00e9vrier 2022 \u00e0 16H00"},"content":{"rendered":"<div>\n<p><img loading=\"lazy\" decoding=\"async\" width=\"300\" height=\"153\" src=\"https:\/\/linitiative.ca\/International\/wp-content\/uploads\/sites\/23\/2022\/02\/astrazeneca-vaccin-anti-covid-19-300x153-1.jpg\" class=\"attachment-medium size-medium wp-post-image\" alt=\"\" srcset=\"https:\/\/linitiative.ca\/International\/wp-content\/uploads\/sites\/23\/2022\/02\/astrazeneca-vaccin-anti-covid-19-300x153-1.jpg 300w, https:\/\/aujourdhui.ma\/wp-content\/uploads\/2021\/02\/astrazeneca-vaccin-anti-covid-19-274x140.jpg 274w, https:\/\/aujourdhui.ma\/wp-content\/uploads\/2021\/02\/astrazeneca-vaccin-anti-covid-19.jpg 746w, https:\/\/aujourdhui.ma\/wp-content\/uploads\/2021\/02\/astrazeneca-vaccin-anti-covid-19-165x84.jpg 165w, https:\/\/aujourdhui.ma\/wp-content\/uploads\/2021\/02\/astrazeneca-vaccin-anti-covid-19-702x358.jpg 702w\" sizes=\"auto, (max-width: 300px) 100vw, 300px\"><\/p>\n<p>83 nouveaux cas soit un cumul de <span id=\"page3R_mcid125\" class=\"markedContent\"><span dir=\"ltr\" role=\"presentation\">1<\/span> <span dir=\"ltr\" role=\"presentation\">160<\/span> <span dir=\"ltr\" role=\"presentation\">975<\/span><\/span> cas \u00e0 ce jour.<br \/>\n563 gu\u00e9risons soit un cumul de <span id=\"page3R_mcid153\" class=\"markedContent\"><span dir=\"ltr\" role=\"presentation\">1<\/span> <span dir=\"ltr\" role=\"presentation\">140<\/span> <span dir=\"ltr\" role=\"presentation\">720<\/span><\/span> \u00e0 ce jour.<br \/>\n10 nouveaux d\u00e9c\u00e8s donc un cumul de <span id=\"page3R_mcid137\" class=\"markedContent\"><span dir=\"ltr\" role=\"presentation\">15 988<\/span><\/span> \u00e0 ce jour.<\/p>\n<p><span style=\"color: #ff0000;\"><strong>Nombre de personnes vaccin\u00e9es au 28 f\u00e9vrier 16H00<\/strong><\/span><\/p>\n<p>1\u00e8re dose :\u00a0<strong><span id=\"page3R_mcid103\" class=\"markedContent\"><span dir=\"ltr\" role=\"presentation\">24<\/span><\/span><span id=\"page3R_mcid104\" class=\"markedContent\"><\/span><span id=\"page3R_mcid105\" class=\"markedContent\"> <span dir=\"ltr\" role=\"presentation\">748<\/span><\/span><span id=\"page3R_mcid106\" class=\"markedContent\"> <span dir=\"ltr\" role=\"presentation\">579<\/span><\/span><\/strong><\/p>\n<p>2\u00e8me dose :\u00a0<strong><span id=\"page3R_mcid96\" class=\"markedContent\"><span dir=\"ltr\" role=\"presentation\">23<\/span><\/span><span id=\"page3R_mcid97\" class=\"markedContent\"><\/span><span id=\"page3R_mcid98\" class=\"markedContent\"> <span dir=\"ltr\" role=\"presentation\">199<\/span><\/span><span id=\"page3R_mcid99\" class=\"markedContent\"> <span dir=\"ltr\" role=\"presentation\">547<\/span><\/span><\/strong><\/p>\n<p>3\u00e8me dose :\u00a0<strong><span id=\"page3R_mcid89\" class=\"markedContent\"><span dir=\"ltr\" role=\"presentation\">5<\/span><\/span><span id=\"page3R_mcid90\" class=\"markedContent\"><\/span><span id=\"page3R_mcid91\" class=\"markedContent\"> <span dir=\"ltr\" role=\"presentation\">740<\/span><\/span><span id=\"page3R_mcid92\" class=\"markedContent\"> <span dir=\"ltr\" role=\"presentation\">728<\/span><\/span><\/strong><span id=\"page3R_mcid93\" class=\"markedContent\"><\/span><span id=\"page3R_mcid94\" class=\"markedContent\"><\/span><span id=\"page3R_mcid95\" class=\"markedContent\"><\/span><span id=\"page3R_mcid96\" class=\"markedContent\"><\/span><\/p>\n<p><img loading=\"lazy\" decoding=\"async\" class=\"aligncenter wp-image-401036 size-full\" src=\"https:\/\/linitiative.ca\/International\/wp-content\/uploads\/sites\/23\/2022\/02\/coronavirus28022022_Page_1-scaled-1.jpg\" alt=\"\" width=\"1356\" height=\"2560\" srcset=\"https:\/\/linitiative.ca\/International\/wp-content\/uploads\/sites\/23\/2022\/02\/coronavirus28022022_Page_1-scaled-1.jpg 1356w, https:\/\/aujourdhui.ma\/wp-content\/uploads\/2022\/02\/coronavirus28022022_Page_1-159x300.jpg 159w, https:\/\/aujourdhui.ma\/wp-content\/uploads\/2022\/02\/coronavirus28022022_Page_1-542x1024.jpg 542w, https:\/\/aujourdhui.ma\/wp-content\/uploads\/2022\/02\/coronavirus28022022_Page_1-768x1450.jpg 768w, https:\/\/aujourdhui.ma\/wp-content\/uploads\/2022\/02\/coronavirus28022022_Page_1-813x1536.jpg 813w, https:\/\/aujourdhui.ma\/wp-content\/uploads\/2022\/02\/coronavirus28022022_Page_1-1085x2048.jpg 1085w\" sizes=\"auto, (max-width: 1356px) 100vw, 1356px\"> <img loading=\"lazy\" decoding=\"async\" class=\"aligncenter wp-image-401037 size-full\" src=\"https:\/\/linitiative.ca\/International\/wp-content\/uploads\/sites\/23\/2022\/02\/coronavirus28022022_Page_2-scaled-1.jpg\" alt=\"\" width=\"1356\" height=\"2560\" srcset=\"https:\/\/linitiative.ca\/International\/wp-content\/uploads\/sites\/23\/2022\/02\/coronavirus28022022_Page_2-scaled-1.jpg 1356w, https:\/\/aujourdhui.ma\/wp-content\/uploads\/2022\/02\/coronavirus28022022_Page_2-159x300.jpg 159w, https:\/\/aujourdhui.ma\/wp-content\/uploads\/2022\/02\/coronavirus28022022_Page_2-542x1024.jpg 542w, https:\/\/aujourdhui.ma\/wp-content\/uploads\/2022\/02\/coronavirus28022022_Page_2-768x1450.jpg 768w, https:\/\/aujourdhui.ma\/wp-content\/uploads\/2022\/02\/coronavirus28022022_Page_2-813x1536.jpg 813w, https:\/\/aujourdhui.ma\/wp-content\/uploads\/2022\/02\/coronavirus28022022_Page_2-1085x2048.jpg 1085w\" sizes=\"auto, (max-width: 1356px) 100vw, 1356px\"> <img loading=\"lazy\" decoding=\"async\" class=\"aligncenter wp-image-401038 size-full\" src=\"https:\/\/linitiative.ca\/International\/wp-content\/uploads\/sites\/23\/2022\/02\/coronavirus28022022_Page_3-scaled-1.jpg\" alt=\"\" width=\"1356\" height=\"2560\" srcset=\"https:\/\/linitiative.ca\/International\/wp-content\/uploads\/sites\/23\/2022\/02\/coronavirus28022022_Page_3-scaled-1.jpg 1356w, https:\/\/aujourdhui.ma\/wp-content\/uploads\/2022\/02\/coronavirus28022022_Page_3-159x300.jpg 159w, https:\/\/aujourdhui.ma\/wp-content\/uploads\/2022\/02\/coronavirus28022022_Page_3-542x1024.jpg 542w, https:\/\/aujourdhui.ma\/wp-content\/uploads\/2022\/02\/coronavirus28022022_Page_3-768x1450.jpg 768w, https:\/\/aujourdhui.ma\/wp-content\/uploads\/2022\/02\/coronavirus28022022_Page_3-813x1536.jpg 813w, https:\/\/aujourdhui.ma\/wp-content\/uploads\/2022\/02\/coronavirus28022022_Page_3-1085x2048.jpg 1085w\" sizes=\"auto, (max-width: 1356px) 100vw, 1356px\"><\/p>\n<\/div>\n<p>Auteur: ALM<br \/>\n<a href=\"https:\/\/aujourdhui.ma\/societe\/covid-19-maroc-la-situation-epidemiologique-au-28-fevrier-2022-a-16h00\">Cliquez ici pour lire l&rsquo;article depuis sa source.<\/a><\/p>\n","protected":false},"excerpt":{"rendered":"<p>83 nouveaux cas soit un cumul de 1 160 975 cas \u00e0 ce jour. 563 gu\u00e9risons soit un cumul de 1 140 720 \u00e0 ce jour. 10 nouveaux d\u00e9c\u00e8s donc un cumul de 15 988 \u00e0 ce jour. Nombre de personnes vaccin\u00e9es au 28 f\u00e9vrier 16H00 1\u00e8re dose :\u00a024 748 579 2\u00e8me dose :\u00a023 199 [&hellip;]<\/p>\n","protected":false},"author":1759,"featured_media":0,"comment_status":"closed","ping_status":"closed","sticky":false,"template":"","format":"standard","meta":{"fifu_image_url":"https:\/\/aujourdhui.ma\/wp-content\/uploads\/2021\/02\/astrazeneca-vaccin-anti-covid-19-300x153.jpg","fifu_image_alt":"Covid-19 \/ Maroc : La situation \u00e9pid\u00e9miologique au 28 f\u00e9vrier 2022 \u00e0 16H00","footnotes":""},"categories":[73,54],"tags":[],"class_list":["post-141896","post","type-post","status-publish","format-standard","hentry","category-actualite","category-maroc"],"_links":{"self":[{"href":"https:\/\/linitiative.ca\/International\/wp-json\/wp\/v2\/posts\/141896","targetHints":{"allow":["GET"]}}],"collection":[{"href":"https:\/\/linitiative.ca\/International\/wp-json\/wp\/v2\/posts"}],"about":[{"href":"https:\/\/linitiative.ca\/International\/wp-json\/wp\/v2\/types\/post"}],"author":[{"embeddable":true,"href":"https:\/\/linitiative.ca\/International\/wp-json\/wp\/v2\/users\/1759"}],"replies":[{"embeddable":true,"href":"https:\/\/linitiative.ca\/International\/wp-json\/wp\/v2\/comments?post=141896"}],"version-history":[{"count":0,"href":"https:\/\/linitiative.ca\/International\/wp-json\/wp\/v2\/posts\/141896\/revisions"}],"wp:attachment":[{"href":"https:\/\/linitiative.ca\/International\/wp-json\/wp\/v2\/media?parent=141896"}],"wp:term":[{"taxonomy":"category","embeddable":true,"href":"https:\/\/linitiative.ca\/International\/wp-json\/wp\/v2\/categories?post=141896"},{"taxonomy":"post_tag","embeddable":true,"href":"https:\/\/linitiative.ca\/International\/wp-json\/wp\/v2\/tags?post=141896"}],"curies":[{"name":"wp","href":"https:\/\/api.w.org\/{rel}","templated":true}]}}