{"id":141901,"date":"2022-02-28T11:11:17","date_gmt":"2022-02-28T16:11:17","guid":{"rendered":"https:\/\/linitiative.ca\/International\/1-534-marocains-ont-deja-quitte-lukraine-un-nombre-appele-a-evoluer\/"},"modified":"2022-02-28T11:11:17","modified_gmt":"2022-02-28T16:11:17","slug":"1-534-marocains-ont-deja-quitte-lukraine-un-nombre-appele-a-evoluer","status":"publish","type":"post","link":"https:\/\/linitiative.ca\/International\/1-534-marocains-ont-deja-quitte-lukraine-un-nombre-appele-a-evoluer\/","title":{"rendered":"1.534 Marocains ont d\u00e9j\u00e0 quitt\u00e9 l\u2019Ukraine, un nombre appel\u00e9 \u00e0 \u00e9voluer"},"content":{"rendered":"<div>\n<p><img loading=\"lazy\" decoding=\"async\" width=\"300\" height=\"153\" src=\"https:\/\/linitiative.ca\/International\/wp-content\/uploads\/sites\/23\/2022\/02\/maroc-uk-1-1-300x153-1.jpg\" class=\"attachment-medium size-medium wp-post-image\" alt=\"\" srcset=\"https:\/\/linitiative.ca\/International\/wp-content\/uploads\/sites\/23\/2022\/02\/maroc-uk-1-1-300x153-1.jpg 300w, https:\/\/aujourdhui.ma\/wp-content\/uploads\/2022\/02\/maroc-uk-1-1-274x140.jpg 274w, https:\/\/aujourdhui.ma\/wp-content\/uploads\/2022\/02\/maroc-uk-1-1.jpg 746w, https:\/\/aujourdhui.ma\/wp-content\/uploads\/2022\/02\/maroc-uk-1-1-165x84.jpg 165w, https:\/\/aujourdhui.ma\/wp-content\/uploads\/2022\/02\/maroc-uk-1-1-702x358.jpg 702w\" sizes=\"auto, (max-width: 300px) 100vw, 300px\"><\/p>\n<p><strong>Le nombre des Marocains qui ont quitt\u00e9 l\u2019Ukraine, via les postes fronti\u00e8res, s\u2019est \u00e9lev\u00e9 lundi \u00e0 16H00, \u00e0 1.534 personnes, apprend-on aupr\u00e8s du minist\u00e8re des Affaires \u00e9trang\u00e8res, de la Coop\u00e9ration africaine et des Marocains r\u00e9sidant \u00e0 l\u2019\u00e9tranger.<\/strong><span id=\"more-401053\"><\/span><\/p>\n<p>Ce nombre, appel\u00e9 \u00e0 \u00e9voluer, est r\u00e9partie entre la Pologne avec 720 personnes, la Roumanie avec 384 personnes, la Slovaquie avec 300 personnes et la Hongrie avec 130 personnes, pr\u00e9cise-t-on de m\u00eame source. Le pic des sorties a \u00e9t\u00e9 enregistr\u00e9 ce lundi au poste fronti\u00e8re avec la Pologne avec 600 Marocains qui ont quitt\u00e9 l\u2019Ukraine, suite \u00e0 l\u2019op\u00e9ration militaire lanc\u00e9e par la Russie. Le minist\u00e8re des Affaires \u00e9trang\u00e8res, de la Coop\u00e9ration africaine et des Marocains r\u00e9sidant \u00e0 l\u2019\u00e9tranger a d\u00e9p\u00eache une vingtaine de fonctionnaires consulaires, dont quatre anciens consuls g\u00e9n\u00e9raux, pour assister et aider les \u00e9quipes des ambassades marocaines d\u00e9j\u00e0 sur le terrain, \u00e0 accueillir et fournir l\u2019aide n\u00e9cessaire aux Marocains dans les quatre pays limitrophes de l\u2019Ukraine.<\/p>\n<\/div>\n<p>Auteur: ALM<br \/>\n<a href=\"https:\/\/aujourdhui.ma\/societe\/1-534-marocains-ont-deja-quitte-lukraine-un-nombre-appele-a-evoluer\">Cliquez ici pour lire l&rsquo;article depuis sa source.<\/a><\/p>\n","protected":false},"excerpt":{"rendered":"<p>Le nombre des Marocains qui ont quitt\u00e9 l\u2019Ukraine, via les postes fronti\u00e8res, s\u2019est \u00e9lev\u00e9 lundi \u00e0 16H00, \u00e0 1.534 personnes, apprend-on aupr\u00e8s du minist\u00e8re des Affaires \u00e9trang\u00e8res, de la Coop\u00e9ration africaine et des Marocains r\u00e9sidant \u00e0 l\u2019\u00e9tranger. Ce nombre, appel\u00e9 \u00e0 \u00e9voluer, est r\u00e9partie entre la Pologne avec 720 personnes, la Roumanie avec 384 personnes, [&hellip;]<\/p>\n","protected":false},"author":1759,"featured_media":0,"comment_status":"closed","ping_status":"closed","sticky":false,"template":"","format":"standard","meta":{"fifu_image_url":"https:\/\/aujourdhui.ma\/wp-content\/uploads\/2022\/02\/maroc-uk-1-1-300x153.jpg","fifu_image_alt":"1.534 Marocains ont d\u00e9j\u00e0 quitt\u00e9 l\u2019Ukraine, un nombre appel\u00e9 \u00e0 \u00e9voluer","footnotes":""},"categories":[73,54],"tags":[],"class_list":["post-141901","post","type-post","status-publish","format-standard","hentry","category-actualite","category-maroc"],"_links":{"self":[{"href":"https:\/\/linitiative.ca\/International\/wp-json\/wp\/v2\/posts\/141901","targetHints":{"allow":["GET"]}}],"collection":[{"href":"https:\/\/linitiative.ca\/International\/wp-json\/wp\/v2\/posts"}],"about":[{"href":"https:\/\/linitiative.ca\/International\/wp-json\/wp\/v2\/types\/post"}],"author":[{"embeddable":true,"href":"https:\/\/linitiative.ca\/International\/wp-json\/wp\/v2\/users\/1759"}],"replies":[{"embeddable":true,"href":"https:\/\/linitiative.ca\/International\/wp-json\/wp\/v2\/comments?post=141901"}],"version-history":[{"count":0,"href":"https:\/\/linitiative.ca\/International\/wp-json\/wp\/v2\/posts\/141901\/revisions"}],"wp:attachment":[{"href":"https:\/\/linitiative.ca\/International\/wp-json\/wp\/v2\/media?parent=141901"}],"wp:term":[{"taxonomy":"category","embeddable":true,"href":"https:\/\/linitiative.ca\/International\/wp-json\/wp\/v2\/categories?post=141901"},{"taxonomy":"post_tag","embeddable":true,"href":"https:\/\/linitiative.ca\/International\/wp-json\/wp\/v2\/tags?post=141901"}],"curies":[{"name":"wp","href":"https:\/\/api.w.org\/{rel}","templated":true}]}}