{"id":141907,"date":"2022-02-28T08:07:00","date_gmt":"2022-02-28T13:07:00","guid":{"rendered":"https:\/\/linitiative.ca\/International\/10-annees-requises-a-lencontre-de-tayeb-louh\/"},"modified":"2022-02-28T08:07:00","modified_gmt":"2022-02-28T13:07:00","slug":"10-annees-requises-a-lencontre-de-tayeb-louh","status":"publish","type":"post","link":"https:\/\/linitiative.ca\/International\/10-annees-requises-a-lencontre-de-tayeb-louh\/","title":{"rendered":"10 ann\u00e9es requises \u00e0 l&rsquo;encontre de Tayeb Louh"},"content":{"rendered":"<div>Le procureur de la R\u00e9publique \u00e0 requis 10 ans de prison ferme assortie d&rsquo;une p\u00e9riode d&rsquo;in\u00e9ligibilit\u00e9 de 5 ans contre Tayeb Louh<\/div>\n<p>Auteur:<br \/>\n<a href=\"https:\/\/www.liberte-algerie.com\/actualite\/10-annees-requises-a-lencontre-de-tayeb-louh-374093\">Cliquez ici pour lire l&rsquo;article depuis sa source.<\/a><\/p>\n","protected":false},"excerpt":{"rendered":"<p>Le procureur de la R\u00e9publique \u00e0 requis 10 ans de prison ferme assortie d&rsquo;une p\u00e9riode d&rsquo;in\u00e9ligibilit\u00e9 de 5 ans contre Tayeb Louh Auteur: Cliquez ici pour lire l&rsquo;article depuis sa source.<\/p>\n","protected":false},"author":1742,"featured_media":0,"comment_status":"closed","ping_status":"closed","sticky":false,"template":"","format":"standard","meta":{"fifu_image_url":"","fifu_image_alt":"","footnotes":""},"categories":[73,53],"tags":[],"class_list":["post-141907","post","type-post","status-publish","format-standard","hentry","category-actualite","category-algerie"],"_links":{"self":[{"href":"https:\/\/linitiative.ca\/International\/wp-json\/wp\/v2\/posts\/141907","targetHints":{"allow":["GET"]}}],"collection":[{"href":"https:\/\/linitiative.ca\/International\/wp-json\/wp\/v2\/posts"}],"about":[{"href":"https:\/\/linitiative.ca\/International\/wp-json\/wp\/v2\/types\/post"}],"author":[{"embeddable":true,"href":"https:\/\/linitiative.ca\/International\/wp-json\/wp\/v2\/users\/1742"}],"replies":[{"embeddable":true,"href":"https:\/\/linitiative.ca\/International\/wp-json\/wp\/v2\/comments?post=141907"}],"version-history":[{"count":0,"href":"https:\/\/linitiative.ca\/International\/wp-json\/wp\/v2\/posts\/141907\/revisions"}],"wp:attachment":[{"href":"https:\/\/linitiative.ca\/International\/wp-json\/wp\/v2\/media?parent=141907"}],"wp:term":[{"taxonomy":"category","embeddable":true,"href":"https:\/\/linitiative.ca\/International\/wp-json\/wp\/v2\/categories?post=141907"},{"taxonomy":"post_tag","embeddable":true,"href":"https:\/\/linitiative.ca\/International\/wp-json\/wp\/v2\/tags?post=141907"}],"curies":[{"name":"wp","href":"https:\/\/api.w.org\/{rel}","templated":true}]}}