{"id":141908,"date":"2022-02-28T08:03:49","date_gmt":"2022-02-28T13:03:49","guid":{"rendered":"https:\/\/linitiative.ca\/International\/campagne-nationale-de-sensibilisation-sur-le-rhumatisme-articulaire-aigue\/"},"modified":"2022-02-28T08:03:49","modified_gmt":"2022-02-28T13:03:49","slug":"campagne-nationale-de-sensibilisation-sur-le-rhumatisme-articulaire-aigue","status":"publish","type":"post","link":"https:\/\/linitiative.ca\/International\/campagne-nationale-de-sensibilisation-sur-le-rhumatisme-articulaire-aigue\/","title":{"rendered":"Campagne nationale de sensibilisation sur le rhumatisme articulaire aigue"},"content":{"rendered":"<div>\n<div style=\"margin-bottom:20px;\"><img loading=\"lazy\" decoding=\"async\" width=\"750\" height=\"430\" src=\"https:\/\/linitiative.ca\/International\/wp-content\/uploads\/sites\/23\/2022\/02\/SiC3A8ge-du-MinistC3A8re-de-la-SantC3A9-750C397430-MAP-1-1.jpg\" class=\"attachment-post-thumbnail size-post-thumbnail wp-post-image\" alt=\"\" srcset=\"https:\/\/linitiative.ca\/International\/wp-content\/uploads\/sites\/23\/2022\/02\/SiC3A8ge-du-MinistC3A8re-de-la-SantC3A9-750C397430-MAP-1-1.jpg 750w, https:\/\/www.mapoujda.ma\/map\/uploads\/2021\/12\/Si\u00e8ge-du-Minist\u00e8re-de-la-Sant\u00e9-750\u00d7430-MAP-1-1-300x172.jpg 300w\" sizes=\"auto, (max-width: 750px) 100vw, 750px\"><\/div>\n<p style=\"text-align: justify;\">Le minist\u00e8re de la Sant\u00e9 et de la Protection sociale organise, du 28 f\u00e9vrier et au 28 mars 2022, une campagne nationale d\u2019information et de sensibilisation sur le rhumatisme articulaire aigue (RAA) et ses complications cardiaques.<\/p>\n<p style=\"text-align: justify;\">Cette campagne a pour objectifs de renforcer les connaissances de la population g\u00e9n\u00e9rale sur la n\u00e9cessit\u00e9 de traiter les angines pour \u00e9viter le RAA et les complications cardiaques cette maladie, en l\u2019absence de pr\u00e9vention et d\u2019observance th\u00e9rapeutique, ainsi que de d\u00e9velopper les connaissances des professionnels de sant\u00e9 en mati\u00e8re de diagnostic et de prise en charge de la pathologie.<\/p>\n<p style=\"text-align: justify;\">Le minist\u00e8re, qui associera les secteurs partenaires et les soci\u00e9t\u00e9s savante et civile \u00e0 cette campagne, va d\u00e9ployer plusieurs actions \u00e0 cet \u00e9gard, notamment une campagne m\u00e9diatique et digitale, des op\u00e9rations de sensibilisation de proximit\u00e9 aux niveaux r\u00e9gional, provincial et local, en plus de la mise \u00e0 disposition du public et des acteurs des supports audiovisuels et imprim\u00e9s sur le portail www.sehati.gov.ma.<\/p>\n<p style=\"text-align: justify;\">Le RAA, un probl\u00e8me de sant\u00e9 publique touchant principalement les enfants et les adolescents, est \u00ab\u00a0la premi\u00e8re cause\u00a0\u00bb de cardiopathies acquises chez l\u2019enfant et l\u2019adulte jeune dans le monde et particuli\u00e8rement dans les pays en voie de d\u00e9veloppement, indique le minist\u00e8re dans un communiqu\u00e9, notant qu\u2019en plus de la gravit\u00e9 du RAA et de ses complications, viennent s\u2019ajouter \u00e0 cela des co\u00fbts humains, sociaux et \u00e9conomiques.<\/p>\n<p style=\"text-align: justify;\">Au Maroc, le RAA continue \u00e0 s\u00e9vir \u00e0 l\u2019\u00e9tat end\u00e9mique laissant des s\u00e9quelles cardiaques redoutables qui ne cessent de handicaper la population jeune, met en garde le minist\u00e8re, pr\u00e9cisant que 2.873 nouveaux cas de RAA ont \u00e9t\u00e9 notifi\u00e9s en 2020 par les \u00e9tablissements de soins de sant\u00e9 primaire, soit une incidence de 7,91 pour 100.000 habitants.<\/p>\n<p style=\"text-align: justify;\">Ce probl\u00e8me peut \u00eatre facilement \u00e9vit\u00e9 par un traitement ad\u00e9quat des angines \u00e0 streptocoque \u03b2-h\u00e9molytique du groupe A, en respectant les consignes du m\u00e9decin traitant et en \u00e9vitant l\u2019autom\u00e9dication et l\u2019utilisation des plantes pour se soigner, fait-on remarquer.<\/p>\n<p>L\u2019article <a rel=\"nofollow\" href=\"https:\/\/www.mapoujda.ma\/fr\/campagne-nationale-de-sensibilisation-sur-le-rhumatisme-articulaire-aigue\/\">Campagne nationale de sensibilisation sur le rhumatisme articulaire aigue<\/a> est apparu en premier sur <a rel=\"nofollow\" href=\"https:\/\/www.mapoujda.ma\/fr\">MapOujda<\/a>.<\/p>\n<\/div>\n<p>Auteur: Soufiane ELAHMAR<br \/>\n<a href=\"https:\/\/www.mapoujda.ma\/fr\/campagne-nationale-de-sensibilisation-sur-le-rhumatisme-articulaire-aigue\/\">Cliquez ici pour lire l&rsquo;article depuis sa source.<\/a><\/p>\n","protected":false},"excerpt":{"rendered":"<p>Le minist\u00e8re de la Sant\u00e9 et de la Protection sociale organise, du 28 f\u00e9vrier et au 28 mars 2022, une campagne nationale d\u2019information et de sensibilisation sur le rhumatisme articulaire aigue (RAA) et ses complications cardiaques. Cette campagne a pour objectifs de renforcer les connaissances de la population g\u00e9n\u00e9rale sur la n\u00e9cessit\u00e9 de traiter les [&hellip;]<\/p>\n","protected":false},"author":1788,"featured_media":0,"comment_status":"closed","ping_status":"closed","sticky":false,"template":"","format":"standard","meta":{"fifu_image_url":"https:\/\/www.mapoujda.ma\/map\/uploads\/2021\/12\/Si\u00e8ge-du-Minist\u00e8re-de-la-Sant\u00e9-750\u00d7430-MAP-1-1.jpg","fifu_image_alt":"Campagne nationale de sensibilisation sur le rhumatisme articulaire aigue","footnotes":""},"categories":[54,76],"tags":[],"class_list":["post-141908","post","type-post","status-publish","format-standard","hentry","category-maroc","category-regions"],"_links":{"self":[{"href":"https:\/\/linitiative.ca\/International\/wp-json\/wp\/v2\/posts\/141908","targetHints":{"allow":["GET"]}}],"collection":[{"href":"https:\/\/linitiative.ca\/International\/wp-json\/wp\/v2\/posts"}],"about":[{"href":"https:\/\/linitiative.ca\/International\/wp-json\/wp\/v2\/types\/post"}],"author":[{"embeddable":true,"href":"https:\/\/linitiative.ca\/International\/wp-json\/wp\/v2\/users\/1788"}],"replies":[{"embeddable":true,"href":"https:\/\/linitiative.ca\/International\/wp-json\/wp\/v2\/comments?post=141908"}],"version-history":[{"count":0,"href":"https:\/\/linitiative.ca\/International\/wp-json\/wp\/v2\/posts\/141908\/revisions"}],"wp:attachment":[{"href":"https:\/\/linitiative.ca\/International\/wp-json\/wp\/v2\/media?parent=141908"}],"wp:term":[{"taxonomy":"category","embeddable":true,"href":"https:\/\/linitiative.ca\/International\/wp-json\/wp\/v2\/categories?post=141908"},{"taxonomy":"post_tag","embeddable":true,"href":"https:\/\/linitiative.ca\/International\/wp-json\/wp\/v2\/tags?post=141908"}],"curies":[{"name":"wp","href":"https:\/\/api.w.org\/{rel}","templated":true}]}}