{"id":141914,"date":"2022-02-28T09:18:00","date_gmt":"2022-02-28T14:18:00","guid":{"rendered":"https:\/\/linitiative.ca\/International\/wafa-assurance-maintient-la-bonne-dynamique\/"},"modified":"2022-02-28T09:18:00","modified_gmt":"2022-02-28T14:18:00","slug":"wafa-assurance-maintient-la-bonne-dynamique","status":"publish","type":"post","link":"https:\/\/linitiative.ca\/International\/wafa-assurance-maintient-la-bonne-dynamique\/","title":{"rendered":"Wafa Assurance maintient la bonne dynamique"},"content":{"rendered":"<div>\n<div class=\"field field-name-body field-type-text-with-summary field-label-hidden\">\n<div class=\"field-items\">\n<div class=\"field-item even\" property=\"content:encoded\">\n<p class=\"rtejustify\">Le chiffre d&rsquo;affaires (CA) global de Wafa Assurance a atteint pr\u00e8s de 9,1 milliards de DH\u00a0\u00e0 fin d\u00e9cembre 2021, en hausse de 8,5% par rapport \u00e0 la m\u00eame p\u00e9riode de 2020. Par activit\u00e9, le CA Vie progresse de 14,5% \u00e0 5 milliards DH, port\u00e9 par la croissance de l&rsquo;activit\u00e9 \u00ab\u00a0Epargne\u00a0\u00bb avec la poursuite du d\u00e9veloppement des unit\u00e9s de compte et la performance des produits \u00ab\u00a0Pr\u00e9voyance\u00a0\u00bb, indique Wafa Assurance dans un communiqu\u00e9 financier.<\/p>\n<\/div>\n<\/div>\n<\/div>\n<\/div>\n<p>Auteur: hgueye<br \/>\n<a href=\"https:\/\/www.leconomiste.com\/flash-infos\/wafa-assurance-maintient-la-bonne-dynamique\">Cliquez ici pour lire l&rsquo;article depuis sa source.<\/a><\/p>\n","protected":false},"excerpt":{"rendered":"<p>Le chiffre d&rsquo;affaires (CA) global de Wafa Assurance a atteint pr\u00e8s de 9,1 milliards de DH\u00a0\u00e0 fin d\u00e9cembre 2021, en hausse de 8,5% par rapport \u00e0 la m\u00eame p\u00e9riode de 2020. Par activit\u00e9, le CA Vie progresse de 14,5% \u00e0 5 milliards DH, port\u00e9 par la croissance de l&rsquo;activit\u00e9 \u00ab\u00a0Epargne\u00a0\u00bb avec la poursuite du d\u00e9veloppement [&hellip;]<\/p>\n","protected":false},"author":1763,"featured_media":0,"comment_status":"closed","ping_status":"closed","sticky":false,"template":"","format":"standard","meta":{"fifu_image_url":"","fifu_image_alt":"","footnotes":""},"categories":[78,54],"tags":[],"class_list":["post-141914","post","type-post","status-publish","format-standard","hentry","category-economie","category-maroc"],"_links":{"self":[{"href":"https:\/\/linitiative.ca\/International\/wp-json\/wp\/v2\/posts\/141914","targetHints":{"allow":["GET"]}}],"collection":[{"href":"https:\/\/linitiative.ca\/International\/wp-json\/wp\/v2\/posts"}],"about":[{"href":"https:\/\/linitiative.ca\/International\/wp-json\/wp\/v2\/types\/post"}],"author":[{"embeddable":true,"href":"https:\/\/linitiative.ca\/International\/wp-json\/wp\/v2\/users\/1763"}],"replies":[{"embeddable":true,"href":"https:\/\/linitiative.ca\/International\/wp-json\/wp\/v2\/comments?post=141914"}],"version-history":[{"count":0,"href":"https:\/\/linitiative.ca\/International\/wp-json\/wp\/v2\/posts\/141914\/revisions"}],"wp:attachment":[{"href":"https:\/\/linitiative.ca\/International\/wp-json\/wp\/v2\/media?parent=141914"}],"wp:term":[{"taxonomy":"category","embeddable":true,"href":"https:\/\/linitiative.ca\/International\/wp-json\/wp\/v2\/categories?post=141914"},{"taxonomy":"post_tag","embeddable":true,"href":"https:\/\/linitiative.ca\/International\/wp-json\/wp\/v2\/tags?post=141914"}],"curies":[{"name":"wp","href":"https:\/\/api.w.org\/{rel}","templated":true}]}}