{"id":141915,"date":"2022-02-28T09:29:45","date_gmt":"2022-02-28T14:29:45","guid":{"rendered":"https:\/\/linitiative.ca\/International\/fes-dotee-dune-brigade-regionale-des-artificiers\/"},"modified":"2022-02-28T09:29:45","modified_gmt":"2022-02-28T14:29:45","slug":"fes-dotee-dune-brigade-regionale-des-artificiers","status":"publish","type":"post","link":"https:\/\/linitiative.ca\/International\/fes-dotee-dune-brigade-regionale-des-artificiers\/","title":{"rendered":"F\u00e8s dot\u00e9e d&rsquo;une brigade r\u00e9gionale des artificiers"},"content":{"rendered":"<div>\n<div class=\"field field-name-body field-type-text-with-summary field-label-hidden\">\n<div class=\"field-items\">\n<div class=\"field-item even\" property=\"content:encoded\">\n<p class=\"rtejustify\">La Direction G\u00e9n\u00e9rale de la S\u00fbret\u00e9 Nationale (DGSN) a dot\u00e9 la ville de F\u00e8s, depuis ce lundi 28 f\u00e9vrier 2022, d&rsquo;une \u00ab\u00a0Brigade R\u00e9gionale des Artificiers\u00a0\u00bb (BRA). Lanc\u00e9e en pr\u00e9sence du pr\u00e9fet de police, Abdelilah Essa\u00efd, et de nombreux grad\u00e9s de la DGSN, la BRA est l&rsquo;une des \u00e9quipes de police hautement sp\u00e9cialis\u00e9es qui ont \u00e9t\u00e9 cr\u00e9\u00e9es dans le cadre du renforcement de la lutte anti-terroriste.<\/p>\n<\/div>\n<\/div>\n<\/div>\n<\/div>\n<p>Auteur: hgueye<br \/>\n<a href=\"https:\/\/www.leconomiste.com\/flash-infos\/fes-dotee-d-une-brigade-regionale-des-artificiers\">Cliquez ici pour lire l&rsquo;article depuis sa source.<\/a><\/p>\n","protected":false},"excerpt":{"rendered":"<p>La Direction G\u00e9n\u00e9rale de la S\u00fbret\u00e9 Nationale (DGSN) a dot\u00e9 la ville de F\u00e8s, depuis ce lundi 28 f\u00e9vrier 2022, d&rsquo;une \u00ab\u00a0Brigade R\u00e9gionale des Artificiers\u00a0\u00bb (BRA). Lanc\u00e9e en pr\u00e9sence du pr\u00e9fet de police, Abdelilah Essa\u00efd, et de nombreux grad\u00e9s de la DGSN, la BRA est l&rsquo;une des \u00e9quipes de police hautement sp\u00e9cialis\u00e9es qui ont \u00e9t\u00e9 [&hellip;]<\/p>\n","protected":false},"author":1763,"featured_media":0,"comment_status":"closed","ping_status":"closed","sticky":false,"template":"","format":"standard","meta":{"fifu_image_url":"","fifu_image_alt":"","footnotes":""},"categories":[78,54],"tags":[],"class_list":["post-141915","post","type-post","status-publish","format-standard","hentry","category-economie","category-maroc"],"_links":{"self":[{"href":"https:\/\/linitiative.ca\/International\/wp-json\/wp\/v2\/posts\/141915","targetHints":{"allow":["GET"]}}],"collection":[{"href":"https:\/\/linitiative.ca\/International\/wp-json\/wp\/v2\/posts"}],"about":[{"href":"https:\/\/linitiative.ca\/International\/wp-json\/wp\/v2\/types\/post"}],"author":[{"embeddable":true,"href":"https:\/\/linitiative.ca\/International\/wp-json\/wp\/v2\/users\/1763"}],"replies":[{"embeddable":true,"href":"https:\/\/linitiative.ca\/International\/wp-json\/wp\/v2\/comments?post=141915"}],"version-history":[{"count":0,"href":"https:\/\/linitiative.ca\/International\/wp-json\/wp\/v2\/posts\/141915\/revisions"}],"wp:attachment":[{"href":"https:\/\/linitiative.ca\/International\/wp-json\/wp\/v2\/media?parent=141915"}],"wp:term":[{"taxonomy":"category","embeddable":true,"href":"https:\/\/linitiative.ca\/International\/wp-json\/wp\/v2\/categories?post=141915"},{"taxonomy":"post_tag","embeddable":true,"href":"https:\/\/linitiative.ca\/International\/wp-json\/wp\/v2\/tags?post=141915"}],"curies":[{"name":"wp","href":"https:\/\/api.w.org\/{rel}","templated":true}]}}