{"id":141919,"date":"2022-02-28T02:43:00","date_gmt":"2022-02-28T07:43:00","guid":{"rendered":"https:\/\/linitiative.ca\/International\/naples-prend-la-tete-du-championnat-ounas-a-brille-sur-laction-du-but-video\/"},"modified":"2022-02-28T02:43:00","modified_gmt":"2022-02-28T07:43:00","slug":"naples-prend-la-tete-du-championnat-ounas-a-brille-sur-laction-du-but-video","status":"publish","type":"post","link":"https:\/\/linitiative.ca\/International\/naples-prend-la-tete-du-championnat-ounas-a-brille-sur-laction-du-but-video\/","title":{"rendered":"Naples prend la t\u00eate du championnat. Ounas a brill\u00e9 sur l&rsquo;action du but (Vid\u00e9o)"},"content":{"rendered":"<div>Adam Ounas est entr\u00e9 en jeu \u00e0 la 81e minute de jeu alors que le score \u00e9tait de 1-1 entre les deux \u00e9quipes<\/div>\n<p>Auteur:<br \/>\n<a href=\"https:\/\/www.lebuteur.com\/article\/detail?titre=naples-prend-la-tete-du-championnat-ounas-a-brille-sur-laction-du-but-video&#038;id=102396\">Cliquez ici pour lire l&rsquo;article depuis sa source.<\/a><\/p>\n","protected":false},"excerpt":{"rendered":"<p>Adam Ounas est entr\u00e9 en jeu \u00e0 la 81e minute de jeu alors que le score \u00e9tait de 1-1 entre les deux \u00e9quipes Auteur: Cliquez ici pour lire l&rsquo;article depuis sa source.<\/p>\n","protected":false},"author":1738,"featured_media":0,"comment_status":"closed","ping_status":"closed","sticky":false,"template":"","format":"standard","meta":{"fifu_image_url":"","fifu_image_alt":"","footnotes":""},"categories":[53,75],"tags":[],"class_list":["post-141919","post","type-post","status-publish","format-standard","hentry","category-algerie","category-sport"],"_links":{"self":[{"href":"https:\/\/linitiative.ca\/International\/wp-json\/wp\/v2\/posts\/141919","targetHints":{"allow":["GET"]}}],"collection":[{"href":"https:\/\/linitiative.ca\/International\/wp-json\/wp\/v2\/posts"}],"about":[{"href":"https:\/\/linitiative.ca\/International\/wp-json\/wp\/v2\/types\/post"}],"author":[{"embeddable":true,"href":"https:\/\/linitiative.ca\/International\/wp-json\/wp\/v2\/users\/1738"}],"replies":[{"embeddable":true,"href":"https:\/\/linitiative.ca\/International\/wp-json\/wp\/v2\/comments?post=141919"}],"version-history":[{"count":0,"href":"https:\/\/linitiative.ca\/International\/wp-json\/wp\/v2\/posts\/141919\/revisions"}],"wp:attachment":[{"href":"https:\/\/linitiative.ca\/International\/wp-json\/wp\/v2\/media?parent=141919"}],"wp:term":[{"taxonomy":"category","embeddable":true,"href":"https:\/\/linitiative.ca\/International\/wp-json\/wp\/v2\/categories?post=141919"},{"taxonomy":"post_tag","embeddable":true,"href":"https:\/\/linitiative.ca\/International\/wp-json\/wp\/v2\/tags?post=141919"}],"curies":[{"name":"wp","href":"https:\/\/api.w.org\/{rel}","templated":true}]}}