{"id":141921,"date":"2022-02-28T09:18:00","date_gmt":"2022-02-28T14:18:00","guid":{"rendered":"https:\/\/linitiative.ca\/International\/ribery-victime-dun-accident-de-voiture-et-transporte-a-lhopital\/"},"modified":"2022-02-28T09:18:00","modified_gmt":"2022-02-28T14:18:00","slug":"ribery-victime-dun-accident-de-voiture-et-transporte-a-lhopital","status":"publish","type":"post","link":"https:\/\/linitiative.ca\/International\/ribery-victime-dun-accident-de-voiture-et-transporte-a-lhopital\/","title":{"rendered":"Rib\u00e9ry victime d&rsquo;un accident de voiture et transport\u00e9 \u00e0 l&rsquo;h\u00f4pital"},"content":{"rendered":"<div>Franck Ribery a \u00e9t\u00e9 hospitalis\u00e9 apr\u00e8s un accident de voiture dans la nuit de dimanche \u00e0 lundi<\/div>\n<p>Auteur:<br \/>\n<a href=\"https:\/\/www.lebuteur.com\/article\/detail?titre=ribery-victime-dun-accident-de-voiture-et-transporte-a-lhopital&#038;id=102398\">Cliquez ici pour lire l&rsquo;article depuis sa source.<\/a><\/p>\n","protected":false},"excerpt":{"rendered":"<p>Franck Ribery a \u00e9t\u00e9 hospitalis\u00e9 apr\u00e8s un accident de voiture dans la nuit de dimanche \u00e0 lundi Auteur: Cliquez ici pour lire l&rsquo;article depuis sa source.<\/p>\n","protected":false},"author":1738,"featured_media":0,"comment_status":"closed","ping_status":"closed","sticky":false,"template":"","format":"standard","meta":{"fifu_image_url":"","fifu_image_alt":"","footnotes":""},"categories":[53,75],"tags":[],"class_list":["post-141921","post","type-post","status-publish","format-standard","hentry","category-algerie","category-sport"],"_links":{"self":[{"href":"https:\/\/linitiative.ca\/International\/wp-json\/wp\/v2\/posts\/141921","targetHints":{"allow":["GET"]}}],"collection":[{"href":"https:\/\/linitiative.ca\/International\/wp-json\/wp\/v2\/posts"}],"about":[{"href":"https:\/\/linitiative.ca\/International\/wp-json\/wp\/v2\/types\/post"}],"author":[{"embeddable":true,"href":"https:\/\/linitiative.ca\/International\/wp-json\/wp\/v2\/users\/1738"}],"replies":[{"embeddable":true,"href":"https:\/\/linitiative.ca\/International\/wp-json\/wp\/v2\/comments?post=141921"}],"version-history":[{"count":0,"href":"https:\/\/linitiative.ca\/International\/wp-json\/wp\/v2\/posts\/141921\/revisions"}],"wp:attachment":[{"href":"https:\/\/linitiative.ca\/International\/wp-json\/wp\/v2\/media?parent=141921"}],"wp:term":[{"taxonomy":"category","embeddable":true,"href":"https:\/\/linitiative.ca\/International\/wp-json\/wp\/v2\/categories?post=141921"},{"taxonomy":"post_tag","embeddable":true,"href":"https:\/\/linitiative.ca\/International\/wp-json\/wp\/v2\/tags?post=141921"}],"curies":[{"name":"wp","href":"https:\/\/api.w.org\/{rel}","templated":true}]}}