{"id":141922,"date":"2022-02-28T13:02:00","date_gmt":"2022-02-28T18:02:00","guid":{"rendered":"https:\/\/linitiative.ca\/International\/la-russie-exclue-de-la-coupe-du-monde-2022-au-qatar\/"},"modified":"2022-02-28T13:02:00","modified_gmt":"2022-02-28T18:02:00","slug":"la-russie-exclue-de-la-coupe-du-monde-2022-au-qatar","status":"publish","type":"post","link":"https:\/\/linitiative.ca\/International\/la-russie-exclue-de-la-coupe-du-monde-2022-au-qatar\/","title":{"rendered":"La Russie exclue de la Coupe du Monde 2022 au Qatar"},"content":{"rendered":"<div>La FIFA et l&rsquo;UEFA ont d\u00e9cid\u00e9 de suspendre jusqu&rsquo;\u00e0 nouvel ordre la Russie de ses comp\u00e9titions apr\u00e8s le d\u00e9but de l&rsquo;invasion en Ukraine<\/div>\n<p>Auteur:<br \/>\n<a href=\"https:\/\/www.lebuteur.com\/article\/detail?titre=la-russie-exclue-de-la-coupe-du-monde-2022-au-qatar&#038;id=102399\">Cliquez ici pour lire l&rsquo;article depuis sa source.<\/a><\/p>\n","protected":false},"excerpt":{"rendered":"<p>La FIFA et l&rsquo;UEFA ont d\u00e9cid\u00e9 de suspendre jusqu&rsquo;\u00e0 nouvel ordre la Russie de ses comp\u00e9titions apr\u00e8s le d\u00e9but de l&rsquo;invasion en Ukraine Auteur: Cliquez ici pour lire l&rsquo;article depuis sa source.<\/p>\n","protected":false},"author":1738,"featured_media":0,"comment_status":"closed","ping_status":"closed","sticky":false,"template":"","format":"standard","meta":{"fifu_image_url":"","fifu_image_alt":"","footnotes":""},"categories":[53,75],"tags":[],"class_list":["post-141922","post","type-post","status-publish","format-standard","hentry","category-algerie","category-sport"],"_links":{"self":[{"href":"https:\/\/linitiative.ca\/International\/wp-json\/wp\/v2\/posts\/141922","targetHints":{"allow":["GET"]}}],"collection":[{"href":"https:\/\/linitiative.ca\/International\/wp-json\/wp\/v2\/posts"}],"about":[{"href":"https:\/\/linitiative.ca\/International\/wp-json\/wp\/v2\/types\/post"}],"author":[{"embeddable":true,"href":"https:\/\/linitiative.ca\/International\/wp-json\/wp\/v2\/users\/1738"}],"replies":[{"embeddable":true,"href":"https:\/\/linitiative.ca\/International\/wp-json\/wp\/v2\/comments?post=141922"}],"version-history":[{"count":0,"href":"https:\/\/linitiative.ca\/International\/wp-json\/wp\/v2\/posts\/141922\/revisions"}],"wp:attachment":[{"href":"https:\/\/linitiative.ca\/International\/wp-json\/wp\/v2\/media?parent=141922"}],"wp:term":[{"taxonomy":"category","embeddable":true,"href":"https:\/\/linitiative.ca\/International\/wp-json\/wp\/v2\/categories?post=141922"},{"taxonomy":"post_tag","embeddable":true,"href":"https:\/\/linitiative.ca\/International\/wp-json\/wp\/v2\/tags?post=141922"}],"curies":[{"name":"wp","href":"https:\/\/api.w.org\/{rel}","templated":true}]}}