{"id":141926,"date":"2022-02-28T05:48:00","date_gmt":"2022-02-28T10:48:00","guid":{"rendered":"https:\/\/linitiative.ca\/International\/tgm-galerie-un-nouvel-espace-culturel-a-la-marsa\/"},"modified":"2022-02-28T05:48:00","modified_gmt":"2022-02-28T10:48:00","slug":"tgm-galerie-un-nouvel-espace-culturel-a-la-marsa","status":"publish","type":"post","link":"https:\/\/linitiative.ca\/International\/tgm-galerie-un-nouvel-espace-culturel-a-la-marsa\/","title":{"rendered":"TGM Galerie : un nouvel espace culturel \u00e0 la Marsa"},"content":{"rendered":"<div><img decoding=\"async\" src=\"https:\/\/linitiative.ca\/International\/wp-content\/uploads\/sites\/23\/2022\/02\/1646056514_article.jpg\" alt=\"TGM Galerie\" align=\"left\">Un nouvel espace culturel qui ouvre ses portes est toujours \u00e0 signaler d\u2019une pierre blanche.<br \/>\nAu c\u0153ur battant de la Marsa, l\u00e0 o\u00f9 arrive et d\u2019o\u00f9 part le mythique TGM, entre le Saf-saf et l\u2019avenue des palmiers, une nouvelle galerie ouvrait r\u00e9cemment ses portes. Espace de blancheur et de lumi\u00e8re largement d\u00e9ploy\u00e9, elle\u00a0 propose une d\u00e9marche in\u00e9dite : recueillir la m\u00e9moire des patrimoines artistiques par des expositions de collectionneurs d\u00e9di\u00e9es aux grands mouvements de la peinture tunisienne, ou aux belles traditions d\u2019art artisanal, mais \u00e9galement accueillir les artistes de demain, ceux des \u00e9coles des Beaux- Arts, des institutions et ateliers artistiques.<br \/>\nEt parce &#8230;<\/p>\n<\/div>\n<p>Auteur:<br \/>\n<a href=\"https:\/\/www.leaders.com.tn\/article\/33013-tgm-galerie\">Cliquez ici pour lire l&rsquo;article depuis sa source.<\/a><\/p>\n","protected":false},"excerpt":{"rendered":"<p>Un nouvel espace culturel qui ouvre ses portes est toujours \u00e0 signaler d\u2019une pierre blanche. Au c\u0153ur battant de la Marsa, l\u00e0 o\u00f9 arrive et d\u2019o\u00f9 part le mythique TGM, entre le Saf-saf et l\u2019avenue des palmiers, une nouvelle galerie ouvrait r\u00e9cemment ses portes. Espace de blancheur et de lumi\u00e8re largement d\u00e9ploy\u00e9, elle\u00a0 propose une [&hellip;]<\/p>\n","protected":false},"author":1772,"featured_media":0,"comment_status":"closed","ping_status":"closed","sticky":false,"template":"","format":"standard","meta":{"fifu_image_url":"http:\/\/www.leaders.com.tn\/uploads\/content\/thumbnails_small\/1646056514_article.jpg","fifu_image_alt":"TGM Galerie : un nouvel espace culturel \u00e0 la Marsa","footnotes":""},"categories":[73,55],"tags":[],"class_list":["post-141926","post","type-post","status-publish","format-standard","hentry","category-actualite","category-tunisie"],"_links":{"self":[{"href":"https:\/\/linitiative.ca\/International\/wp-json\/wp\/v2\/posts\/141926","targetHints":{"allow":["GET"]}}],"collection":[{"href":"https:\/\/linitiative.ca\/International\/wp-json\/wp\/v2\/posts"}],"about":[{"href":"https:\/\/linitiative.ca\/International\/wp-json\/wp\/v2\/types\/post"}],"author":[{"embeddable":true,"href":"https:\/\/linitiative.ca\/International\/wp-json\/wp\/v2\/users\/1772"}],"replies":[{"embeddable":true,"href":"https:\/\/linitiative.ca\/International\/wp-json\/wp\/v2\/comments?post=141926"}],"version-history":[{"count":0,"href":"https:\/\/linitiative.ca\/International\/wp-json\/wp\/v2\/posts\/141926\/revisions"}],"wp:attachment":[{"href":"https:\/\/linitiative.ca\/International\/wp-json\/wp\/v2\/media?parent=141926"}],"wp:term":[{"taxonomy":"category","embeddable":true,"href":"https:\/\/linitiative.ca\/International\/wp-json\/wp\/v2\/categories?post=141926"},{"taxonomy":"post_tag","embeddable":true,"href":"https:\/\/linitiative.ca\/International\/wp-json\/wp\/v2\/tags?post=141926"}],"curies":[{"name":"wp","href":"https:\/\/api.w.org\/{rel}","templated":true}]}}