{"id":141928,"date":"2022-02-28T06:51:00","date_gmt":"2022-02-28T11:51:00","guid":{"rendered":"https:\/\/linitiative.ca\/International\/les-imprimantes-detiquettes-couleur-completent-la-gamme-detiquetage-a-la-demande-epson\/"},"modified":"2022-02-28T06:51:00","modified_gmt":"2022-02-28T11:51:00","slug":"les-imprimantes-detiquettes-couleur-completent-la-gamme-detiquetage-a-la-demande-epson","status":"publish","type":"post","link":"https:\/\/linitiative.ca\/International\/les-imprimantes-detiquettes-couleur-completent-la-gamme-detiquetage-a-la-demande-epson\/","title":{"rendered":"Les imprimantes d\u2019\u00e9tiquettes couleur compl\u00e8tent la gamme d\u2019\u00e9tiquetage \u00e0 la demande Epson"},"content":{"rendered":"<div><img decoding=\"async\" src=\"https:\/\/linitiative.ca\/International\/wp-content\/uploads\/sites\/23\/2022\/02\/1646045916_article.jpg\" alt=\"Les imprimantes d\u2019\u00e9tiquettes couleur compl\u00e8tent la gamme d\u2019\u00e9tiquetage \u00e0 la demande Epson\" align=\"left\">Les nouvelles ColorWorks C4000e sont des imprimantes d\u2019\u00e9tiquettes compactes de haute qualit\u00e9, id\u00e9ales pour les installations de bureau de nombreuses entreprises.<br \/>\nEpson lance deux nouvelles imprimantes d\u2019\u00e9tiquettes couleur \u00e0 la demande ColorWorks C4000e. Ces mod\u00e8les compl\u00e8tent la gamme d\u2019imprimantes d\u2019\u00e9tiquettes couleur Epson et offrent une solution d\u2019\u00e9tiquetage en interne flexible, rapide et \u00e9conomique pour les entreprises de tous types et tailles.<br \/>\nAvec une faible empreinte au sol, la gamme ColorWorks C4000e est parfaite pour les installations de bureau des petites entreprises qui disposent d\u2019un espace limit\u00e9. Elle est id\u00e9ale pour de nombreux secteurs (alimentation &#8230;<\/p>\n<\/div>\n<p>Auteur:<br \/>\n<a href=\"https:\/\/www.leaders.com.tn\/article\/33014-les-imprimantes-d-etiquettes-couleur-completent-la-gamme-d-etiquetage-a-la-demande-epson\">Cliquez ici pour lire l&rsquo;article depuis sa source.<\/a><\/p>\n","protected":false},"excerpt":{"rendered":"<p>Les nouvelles ColorWorks C4000e sont des imprimantes d\u2019\u00e9tiquettes compactes de haute qualit\u00e9, id\u00e9ales pour les installations de bureau de nombreuses entreprises. Epson lance deux nouvelles imprimantes d\u2019\u00e9tiquettes couleur \u00e0 la demande ColorWorks C4000e. Ces mod\u00e8les compl\u00e8tent la gamme d\u2019imprimantes d\u2019\u00e9tiquettes couleur Epson et offrent une solution d\u2019\u00e9tiquetage en interne flexible, rapide et \u00e9conomique pour les [&hellip;]<\/p>\n","protected":false},"author":1772,"featured_media":0,"comment_status":"closed","ping_status":"closed","sticky":false,"template":"","format":"standard","meta":{"fifu_image_url":"http:\/\/www.leaders.com.tn\/uploads\/content\/thumbnails_small\/1646045916_article.jpg","fifu_image_alt":"Les imprimantes d\u2019\u00e9tiquettes couleur compl\u00e8tent la gamme d\u2019\u00e9tiquetage \u00e0 la demande Epson","footnotes":""},"categories":[73,55],"tags":[],"class_list":["post-141928","post","type-post","status-publish","format-standard","hentry","category-actualite","category-tunisie"],"_links":{"self":[{"href":"https:\/\/linitiative.ca\/International\/wp-json\/wp\/v2\/posts\/141928","targetHints":{"allow":["GET"]}}],"collection":[{"href":"https:\/\/linitiative.ca\/International\/wp-json\/wp\/v2\/posts"}],"about":[{"href":"https:\/\/linitiative.ca\/International\/wp-json\/wp\/v2\/types\/post"}],"author":[{"embeddable":true,"href":"https:\/\/linitiative.ca\/International\/wp-json\/wp\/v2\/users\/1772"}],"replies":[{"embeddable":true,"href":"https:\/\/linitiative.ca\/International\/wp-json\/wp\/v2\/comments?post=141928"}],"version-history":[{"count":0,"href":"https:\/\/linitiative.ca\/International\/wp-json\/wp\/v2\/posts\/141928\/revisions"}],"wp:attachment":[{"href":"https:\/\/linitiative.ca\/International\/wp-json\/wp\/v2\/media?parent=141928"}],"wp:term":[{"taxonomy":"category","embeddable":true,"href":"https:\/\/linitiative.ca\/International\/wp-json\/wp\/v2\/categories?post=141928"},{"taxonomy":"post_tag","embeddable":true,"href":"https:\/\/linitiative.ca\/International\/wp-json\/wp\/v2\/tags?post=141928"}],"curies":[{"name":"wp","href":"https:\/\/api.w.org\/{rel}","templated":true}]}}