{"id":141930,"date":"2022-02-28T09:36:00","date_gmt":"2022-02-28T14:36:00","guid":{"rendered":"https:\/\/linitiative.ca\/International\/etudiants-west-africains-la-tunisie-a-la-une-sur-le-journal-le-monde\/"},"modified":"2022-02-28T09:36:00","modified_gmt":"2022-02-28T14:36:00","slug":"etudiants-west-africains-la-tunisie-a-la-une-sur-le-journal-le-monde","status":"publish","type":"post","link":"https:\/\/linitiative.ca\/International\/etudiants-west-africains-la-tunisie-a-la-une-sur-le-journal-le-monde\/","title":{"rendered":"Etudiants West Africains: La Tunisie \u00e0 la \u201cUne\u201d sur le Journal Le Monde"},"content":{"rendered":"<div><img decoding=\"async\" src=\"https:\/\/linitiative.ca\/International\/wp-content\/uploads\/sites\/23\/2022\/02\/1646060468_article.jpg\" alt=\"Etudiants West Africains: La Tunisie \u00e0 la \u201cUne\u201d sur le Journal Le Monde\" align=\"left\">\u201cRafles, insultes, violences\u2026 Le traitement des \u00e9tudiants subsahariens empire en Tunisie. Les associations d\u2019\u00e9tudiants et de travailleurs notent une augmentation des actes de racisme et des arrestations cibl\u00e9es de personnes noires\u201d.\u00a0\u00a0\u00a0<br \/>\nLilia Blaise &#8211; Journal Le Monde<br \/>\nPar Dr. Mahmoud Triki, Universitaire &#8211; Quelle honte et quel scandale pour un pays \u00e0 vocation touristique et r\u00e9put\u00e9 pour son hospitalit\u00e9. Un \u00e9tudiant international est un touriste r\u00e9sident dans le pays d\u2019accueil pour la dur\u00e9e de son programme d\u2019\u00e9tudes. Par ailleurs, les rentr\u00e9es de devises g\u00e9n\u00e9r\u00e9es par les \u00e9tudiants internationaux sont fort-appr\u00e9ciables. A titre indicatif, selon les &#8230;<\/p>\n<\/div>\n<p>Auteur:<br \/>\n<a href=\"https:\/\/www.leaders.com.tn\/article\/33015-etudiants-west-africains-la-tunisie-a-la-une-sur-le-journal-le-monde\">Cliquez ici pour lire l&rsquo;article depuis sa source.<\/a><\/p>\n","protected":false},"excerpt":{"rendered":"<p>\u201cRafles, insultes, violences\u2026 Le traitement des \u00e9tudiants subsahariens empire en Tunisie. Les associations d\u2019\u00e9tudiants et de travailleurs notent une augmentation des actes de racisme et des arrestations cibl\u00e9es de personnes noires\u201d.\u00a0\u00a0\u00a0 Lilia Blaise &#8211; Journal Le Monde Par Dr. Mahmoud Triki, Universitaire &#8211; Quelle honte et quel scandale pour un pays \u00e0 vocation touristique et [&hellip;]<\/p>\n","protected":false},"author":1772,"featured_media":0,"comment_status":"closed","ping_status":"closed","sticky":false,"template":"","format":"standard","meta":{"fifu_image_url":"http:\/\/www.leaders.com.tn\/uploads\/content\/thumbnails_small\/1646060468_article.jpg","fifu_image_alt":"Etudiants West Africains: La Tunisie \u00e0 la \u201cUne\u201d sur le Journal Le Monde","footnotes":""},"categories":[73,55],"tags":[],"class_list":["post-141930","post","type-post","status-publish","format-standard","hentry","category-actualite","category-tunisie"],"_links":{"self":[{"href":"https:\/\/linitiative.ca\/International\/wp-json\/wp\/v2\/posts\/141930","targetHints":{"allow":["GET"]}}],"collection":[{"href":"https:\/\/linitiative.ca\/International\/wp-json\/wp\/v2\/posts"}],"about":[{"href":"https:\/\/linitiative.ca\/International\/wp-json\/wp\/v2\/types\/post"}],"author":[{"embeddable":true,"href":"https:\/\/linitiative.ca\/International\/wp-json\/wp\/v2\/users\/1772"}],"replies":[{"embeddable":true,"href":"https:\/\/linitiative.ca\/International\/wp-json\/wp\/v2\/comments?post=141930"}],"version-history":[{"count":0,"href":"https:\/\/linitiative.ca\/International\/wp-json\/wp\/v2\/posts\/141930\/revisions"}],"wp:attachment":[{"href":"https:\/\/linitiative.ca\/International\/wp-json\/wp\/v2\/media?parent=141930"}],"wp:term":[{"taxonomy":"category","embeddable":true,"href":"https:\/\/linitiative.ca\/International\/wp-json\/wp\/v2\/categories?post=141930"},{"taxonomy":"post_tag","embeddable":true,"href":"https:\/\/linitiative.ca\/International\/wp-json\/wp\/v2\/tags?post=141930"}],"curies":[{"name":"wp","href":"https:\/\/api.w.org\/{rel}","templated":true}]}}