{"id":141938,"date":"2022-02-28T10:16:13","date_gmt":"2022-02-28T15:16:13","guid":{"rendered":"https:\/\/linitiative.ca\/International\/reouverture-des-frontieres-ce-que-vous-devez-savoir-avant-de-voyager-a-dubai\/"},"modified":"2022-02-28T10:16:13","modified_gmt":"2022-02-28T15:16:13","slug":"reouverture-des-frontieres-ce-que-vous-devez-savoir-avant-de-voyager-a-dubai","status":"publish","type":"post","link":"https:\/\/linitiative.ca\/International\/reouverture-des-frontieres-ce-que-vous-devez-savoir-avant-de-voyager-a-dubai\/","title":{"rendered":"R\u00e9ouverture des fronti\u00e8res. Ce que vous devez savoir avant de voyager \u00e0 Duba\u00ef"},"content":{"rendered":"<div><img decoding=\"async\" width=\"660\" height=\"330\" src=\"https:\/\/linitiative.ca\/International\/wp-content\/uploads\/sites\/23\/2022\/02\/aeroport1.jpeg\" class=\"attachment-post-thumbnail size-post-thumbnail wp-post-image\" alt=\"\" loading=\"lazy\" srcset=\"https:\/\/linitiative.ca\/International\/wp-content\/uploads\/sites\/23\/2022\/02\/aeroport1.jpeg 660w, https:\/\/www.challenge.ma\/wp-content\/uploads\/2022\/02\/aeroport1-300x150.jpeg 300w, https:\/\/www.challenge.ma\/wp-content\/uploads\/2022\/02\/aeroport1-360x180.jpeg 360w\" sizes=\"auto, (max-width: 660px) 100vw, 660px\" itemprop=\"image\">Depuis le 7 f\u00e9vrier 2022, le Maroc a rouvert ses fronti\u00e8res a\u00e9riennes pour permettre une reprise graduelle du trafic a\u00e9rien. Un ouf de soulagement pour les op\u00e9rateurs touristiques et aussi pour les voyageurs, apr\u00e8s deux mois de fermeture des fronti\u00e8res a\u00e9riennes. Challenge vous propose dans cet article un zoom sur<\/div>\n<p>Auteur: challenge<br \/>\n<a href=\"https:\/\/www.challenge.ma\/reouverture-des-frontieres-ce-que-vous-devez-savoir-avant-de-voyager-a-dubai-233512\/\">Cliquez ici pour lire l&rsquo;article depuis sa source.<\/a><\/p>\n","protected":false},"excerpt":{"rendered":"<p>Depuis le 7 f\u00e9vrier 2022, le Maroc a rouvert ses fronti\u00e8res a\u00e9riennes pour permettre une reprise graduelle du trafic a\u00e9rien. Un ouf de soulagement pour les op\u00e9rateurs touristiques et aussi pour les voyageurs, apr\u00e8s deux mois de fermeture des fronti\u00e8res a\u00e9riennes. Challenge vous propose dans cet article un zoom sur Auteur: challenge Cliquez ici pour [&hellip;]<\/p>\n","protected":false},"author":1787,"featured_media":0,"comment_status":"closed","ping_status":"closed","sticky":false,"template":"","format":"standard","meta":{"fifu_image_url":"https:\/\/www.challenge.ma\/wp-content\/uploads\/2022\/02\/aeroport1.jpeg","fifu_image_alt":"R\u00e9ouverture des fronti\u00e8res. Ce que vous devez savoir avant de voyager \u00e0 Duba\u00ef","footnotes":""},"categories":[78,54],"tags":[],"class_list":["post-141938","post","type-post","status-publish","format-standard","hentry","category-economie","category-maroc"],"_links":{"self":[{"href":"https:\/\/linitiative.ca\/International\/wp-json\/wp\/v2\/posts\/141938","targetHints":{"allow":["GET"]}}],"collection":[{"href":"https:\/\/linitiative.ca\/International\/wp-json\/wp\/v2\/posts"}],"about":[{"href":"https:\/\/linitiative.ca\/International\/wp-json\/wp\/v2\/types\/post"}],"author":[{"embeddable":true,"href":"https:\/\/linitiative.ca\/International\/wp-json\/wp\/v2\/users\/1787"}],"replies":[{"embeddable":true,"href":"https:\/\/linitiative.ca\/International\/wp-json\/wp\/v2\/comments?post=141938"}],"version-history":[{"count":0,"href":"https:\/\/linitiative.ca\/International\/wp-json\/wp\/v2\/posts\/141938\/revisions"}],"wp:attachment":[{"href":"https:\/\/linitiative.ca\/International\/wp-json\/wp\/v2\/media?parent=141938"}],"wp:term":[{"taxonomy":"category","embeddable":true,"href":"https:\/\/linitiative.ca\/International\/wp-json\/wp\/v2\/categories?post=141938"},{"taxonomy":"post_tag","embeddable":true,"href":"https:\/\/linitiative.ca\/International\/wp-json\/wp\/v2\/tags?post=141938"}],"curies":[{"name":"wp","href":"https:\/\/api.w.org\/{rel}","templated":true}]}}