{"id":141944,"date":"2022-02-28T16:11:46","date_gmt":"2022-02-28T21:11:46","guid":{"rendered":"https:\/\/linitiative.ca\/International\/cgi-les-premiers-promotionnaires-de-lecole-udev-signent-leurs-contrats-dembauche\/"},"modified":"2022-02-28T16:11:46","modified_gmt":"2022-02-28T21:11:46","slug":"cgi-les-premiers-promotionnaires-de-lecole-udev-signent-leurs-contrats-dembauche","status":"publish","type":"post","link":"https:\/\/linitiative.ca\/International\/cgi-les-premiers-promotionnaires-de-lecole-udev-signent-leurs-contrats-dembauche\/","title":{"rendered":"CGI. Les premiers promotionnaires de l\u2019\u00e9cole U\u2019DEV signent leurs contrats d\u2019embauche"},"content":{"rendered":"<div><img decoding=\"async\" width=\"600\" height=\"376\" src=\"https:\/\/linitiative.ca\/International\/wp-content\/uploads\/sites\/23\/2022\/02\/CGI-Tech-I-Photo-3-600-x-376.jpg\" class=\"attachment-post-thumbnail size-post-thumbnail wp-post-image\" alt=\"\" loading=\"lazy\" srcset=\"https:\/\/linitiative.ca\/International\/wp-content\/uploads\/sites\/23\/2022\/02\/CGI-Tech-I-Photo-3-600-x-376.jpg 600w, https:\/\/www.challenge.ma\/wp-content\/uploads\/2022\/02\/CGI-Tech-I-Photo-3-600-x-376-300x188.jpg 300w, https:\/\/www.challenge.ma\/wp-content\/uploads\/2022\/02\/CGI-Tech-I-Photo-3-600-x-376-360x226.jpg 360w\" sizes=\"auto, (max-width: 600px) 100vw, 600px\" itemprop=\"image\">CGI a c\u00e9l\u00e9br\u00e9 r\u00e9cemment, lors d\u2019une c\u00e9r\u00e9monie, la signature des contrats d\u2019embauche \u00e0 dur\u00e9e ind\u00e9termin\u00e9e pour l\u2019ensemble des laur\u00e9ats de la premi\u00e8re promotion de son Ecole du D\u00e9veloppeur U\u2019DEV, officialisant ainsi l\u2019int\u00e9gration de ces derniers \u00e0 son site de F\u00e8s. Durant la c\u00e9r\u00e9monie qui s\u2019est tenue sur le site du<\/div>\n<p>Auteur: challenge<br \/>\n<a href=\"https:\/\/www.challenge.ma\/cgi-les-premiers-promotionnaires-de-lecole-udev-signent-leurs-contrats-dembauche-233538\/\">Cliquez ici pour lire l&rsquo;article depuis sa source.<\/a><\/p>\n","protected":false},"excerpt":{"rendered":"<p>CGI a c\u00e9l\u00e9br\u00e9 r\u00e9cemment, lors d\u2019une c\u00e9r\u00e9monie, la signature des contrats d\u2019embauche \u00e0 dur\u00e9e ind\u00e9termin\u00e9e pour l\u2019ensemble des laur\u00e9ats de la premi\u00e8re promotion de son Ecole du D\u00e9veloppeur U\u2019DEV, officialisant ainsi l\u2019int\u00e9gration de ces derniers \u00e0 son site de F\u00e8s. Durant la c\u00e9r\u00e9monie qui s\u2019est tenue sur le site du Auteur: challenge Cliquez ici pour [&hellip;]<\/p>\n","protected":false},"author":1787,"featured_media":0,"comment_status":"closed","ping_status":"closed","sticky":false,"template":"","format":"standard","meta":{"fifu_image_url":"https:\/\/www.challenge.ma\/wp-content\/uploads\/2022\/02\/CGI-Tech-I-Photo-3-600-x-376.jpg","fifu_image_alt":"CGI. Les premiers promotionnaires de l\u2019\u00e9cole U\u2019DEV signent leurs contrats d\u2019embauche","footnotes":""},"categories":[78,54],"tags":[],"class_list":["post-141944","post","type-post","status-publish","format-standard","hentry","category-economie","category-maroc"],"_links":{"self":[{"href":"https:\/\/linitiative.ca\/International\/wp-json\/wp\/v2\/posts\/141944","targetHints":{"allow":["GET"]}}],"collection":[{"href":"https:\/\/linitiative.ca\/International\/wp-json\/wp\/v2\/posts"}],"about":[{"href":"https:\/\/linitiative.ca\/International\/wp-json\/wp\/v2\/types\/post"}],"author":[{"embeddable":true,"href":"https:\/\/linitiative.ca\/International\/wp-json\/wp\/v2\/users\/1787"}],"replies":[{"embeddable":true,"href":"https:\/\/linitiative.ca\/International\/wp-json\/wp\/v2\/comments?post=141944"}],"version-history":[{"count":0,"href":"https:\/\/linitiative.ca\/International\/wp-json\/wp\/v2\/posts\/141944\/revisions"}],"wp:attachment":[{"href":"https:\/\/linitiative.ca\/International\/wp-json\/wp\/v2\/media?parent=141944"}],"wp:term":[{"taxonomy":"category","embeddable":true,"href":"https:\/\/linitiative.ca\/International\/wp-json\/wp\/v2\/categories?post=141944"},{"taxonomy":"post_tag","embeddable":true,"href":"https:\/\/linitiative.ca\/International\/wp-json\/wp\/v2\/tags?post=141944"}],"curies":[{"name":"wp","href":"https:\/\/api.w.org\/{rel}","templated":true}]}}