{"id":141947,"date":"2022-02-28T15:53:12","date_gmt":"2022-02-28T20:53:12","guid":{"rendered":"https:\/\/linitiative.ca\/International\/club-africain-hamdi-laabidi-devant-le-conseil-de-discipline\/"},"modified":"2022-02-28T15:53:12","modified_gmt":"2022-02-28T20:53:12","slug":"club-africain-hamdi-laabidi-devant-le-conseil-de-discipline","status":"publish","type":"post","link":"https:\/\/linitiative.ca\/International\/club-africain-hamdi-laabidi-devant-le-conseil-de-discipline\/","title":{"rendered":"Club Africain : Hamdi La\u00e2bidi devant le conseil de discipline !"},"content":{"rendered":"<div>\n<p>Le comit\u00e9 directeur du Club Africain a communiqu\u00e9 ce lundi en d\u00e9but de soir\u00e9e, que l\u2019attaquant Hamdi La\u00e2bidi\u00a0 sera traduit devant le conseil de discipline, pour avoir enfreint le r\u00e8glement int\u00e9rieur du club. Le m\u00eame communiqu\u00e9 a fait savoir qu\u2019une enqu\u00eate interne a \u00e9t\u00e9 ouverte sur les circonstances et les faits apr\u00e8s le match de [\u2026]<\/p>\n<p>L\u2019article <a href=\"https:\/\/sport.tunisienumerique.com\/club-africain-hamdi-laabidi-devant-le-conseil-de-discipline\/\">Club Africain : Hamdi La\u00e2bidi devant le conseil de discipline !<\/a> est apparu en premier sur <a href=\"https:\/\/www.tunisienumerique.com\/\">Tunisie<\/a>.<\/p>\n<\/div>\n<p>Auteur: Hamza Ben Khlifa<br \/>\n<a href=\"https:\/\/sport.tunisienumerique.com\/club-africain-hamdi-laabidi-devant-le-conseil-de-discipline\/\">Cliquez ici pour lire l&rsquo;article depuis sa source.<\/a><\/p>\n","protected":false},"excerpt":{"rendered":"<p>Le comit\u00e9 directeur du Club Africain a communiqu\u00e9 ce lundi en d\u00e9but de soir\u00e9e, que l\u2019attaquant Hamdi La\u00e2bidi\u00a0 sera traduit devant le conseil de discipline, pour avoir enfreint le r\u00e8glement int\u00e9rieur du club. Le m\u00eame communiqu\u00e9 a fait savoir qu\u2019une enqu\u00eate interne a \u00e9t\u00e9 ouverte sur les circonstances et les faits apr\u00e8s le match de [&hellip;]<\/p>\n","protected":false},"author":1789,"featured_media":0,"comment_status":"closed","ping_status":"closed","sticky":false,"template":"","format":"standard","meta":{"fifu_image_url":"","fifu_image_alt":"","footnotes":""},"categories":[73,55],"tags":[],"class_list":["post-141947","post","type-post","status-publish","format-standard","hentry","category-actualite","category-tunisie"],"_links":{"self":[{"href":"https:\/\/linitiative.ca\/International\/wp-json\/wp\/v2\/posts\/141947","targetHints":{"allow":["GET"]}}],"collection":[{"href":"https:\/\/linitiative.ca\/International\/wp-json\/wp\/v2\/posts"}],"about":[{"href":"https:\/\/linitiative.ca\/International\/wp-json\/wp\/v2\/types\/post"}],"author":[{"embeddable":true,"href":"https:\/\/linitiative.ca\/International\/wp-json\/wp\/v2\/users\/1789"}],"replies":[{"embeddable":true,"href":"https:\/\/linitiative.ca\/International\/wp-json\/wp\/v2\/comments?post=141947"}],"version-history":[{"count":0,"href":"https:\/\/linitiative.ca\/International\/wp-json\/wp\/v2\/posts\/141947\/revisions"}],"wp:attachment":[{"href":"https:\/\/linitiative.ca\/International\/wp-json\/wp\/v2\/media?parent=141947"}],"wp:term":[{"taxonomy":"category","embeddable":true,"href":"https:\/\/linitiative.ca\/International\/wp-json\/wp\/v2\/categories?post=141947"},{"taxonomy":"post_tag","embeddable":true,"href":"https:\/\/linitiative.ca\/International\/wp-json\/wp\/v2\/tags?post=141947"}],"curies":[{"name":"wp","href":"https:\/\/api.w.org\/{rel}","templated":true}]}}