{"id":141951,"date":"2022-02-28T15:10:47","date_gmt":"2022-02-28T20:10:47","guid":{"rendered":"https:\/\/linitiative.ca\/International\/adoption-de-la-charte-des-valeurs-le-plus-dur-reste-a-faire\/"},"modified":"2022-02-28T15:10:47","modified_gmt":"2022-02-28T20:10:47","slug":"adoption-de-la-charte-des-valeurs-le-plus-dur-reste-a-faire","status":"publish","type":"post","link":"https:\/\/linitiative.ca\/International\/adoption-de-la-charte-des-valeurs-le-plus-dur-reste-a-faire\/","title":{"rendered":"ADOPTION DE LA CHARTE DES VALEURS  : Le plus dur reste \u00e0 faire"},"content":{"rendered":"<div>\n<p><img loading=\"lazy\" decoding=\"async\" width=\"275\" height=\"183\" src=\"https:\/\/linitiative.ca\/International\/wp-content\/uploads\/sites\/23\/2022\/02\/CHARTE.jpg\" class=\"attachment- size- wp-post-image\" alt=\"\" style=\"float:left; margin:0 15px 15px 0;\" srcset=\"https:\/\/linitiative.ca\/International\/wp-content\/uploads\/sites\/23\/2022\/02\/CHARTE.jpg 275w, https:\/\/lepays.bf\/wp-content\/uploads\/2022\/02\/CHARTE-128x86.jpg 128w\" sizes=\"auto, (max-width: 275px) 100vw, 275px\">Les assises nationales qui se sont tenues hier, ont valid\u00e9 le contenu de la Charte des valeurs propos\u00e9e par le groupe de travail qui avait \u00e9t\u00e9 mis en place par le Mouvement patriotique pour la sauvegarde et la restauration (MPSR). C\u2019est l\u00e0 une premi\u00e8re au [\u2026]<\/p>\n<p>L\u2019article <a rel=\"nofollow\" href=\"https:\/\/lepays.bf\/adoption-de-la-charte-des-valeurs-le-plus-dur-reste-a-faire\/\">ADOPTION DE LA CHARTE DES VALEURS  : Le plus dur reste \u00e0 faire<\/a> est apparu en premier sur <a rel=\"nofollow\" href=\"https:\/\/lepays.bf\/\">Editions Le Pays<\/a>.<\/p>\n<\/div>\n<p>Auteur: Editions LEPAYS<br \/>\n<a href=\"https:\/\/lepays.bf\/adoption-de-la-charte-des-valeurs-le-plus-dur-reste-a-faire\/\">Cliquez ici pour lire l&rsquo;article depuis sa source.<\/a><\/p>\n","protected":false},"excerpt":{"rendered":"<p>Les assises nationales qui se sont tenues hier, ont valid\u00e9 le contenu de la Charte des valeurs propos\u00e9e par le groupe de travail qui avait \u00e9t\u00e9 mis en place par le Mouvement patriotique pour la sauvegarde et la restauration (MPSR). C\u2019est l\u00e0 une premi\u00e8re au [\u2026] L\u2019article ADOPTION DE LA CHARTE DES VALEURS : Le [&hellip;]<\/p>\n","protected":false},"author":1813,"featured_media":0,"comment_status":"closed","ping_status":"closed","sticky":false,"template":"","format":"standard","meta":{"fifu_image_url":"https:\/\/lepays.bf\/wp-content\/uploads\/2022\/02\/CHARTE.jpg","fifu_image_alt":"ADOPTION DE LA CHARTE DES VALEURS  : Le plus dur reste \u00e0 faire","footnotes":""},"categories":[73,81],"tags":[],"class_list":["post-141951","post","type-post","status-publish","format-standard","hentry","category-actualite","category-burkina-faso"],"_links":{"self":[{"href":"https:\/\/linitiative.ca\/International\/wp-json\/wp\/v2\/posts\/141951","targetHints":{"allow":["GET"]}}],"collection":[{"href":"https:\/\/linitiative.ca\/International\/wp-json\/wp\/v2\/posts"}],"about":[{"href":"https:\/\/linitiative.ca\/International\/wp-json\/wp\/v2\/types\/post"}],"author":[{"embeddable":true,"href":"https:\/\/linitiative.ca\/International\/wp-json\/wp\/v2\/users\/1813"}],"replies":[{"embeddable":true,"href":"https:\/\/linitiative.ca\/International\/wp-json\/wp\/v2\/comments?post=141951"}],"version-history":[{"count":0,"href":"https:\/\/linitiative.ca\/International\/wp-json\/wp\/v2\/posts\/141951\/revisions"}],"wp:attachment":[{"href":"https:\/\/linitiative.ca\/International\/wp-json\/wp\/v2\/media?parent=141951"}],"wp:term":[{"taxonomy":"category","embeddable":true,"href":"https:\/\/linitiative.ca\/International\/wp-json\/wp\/v2\/categories?post=141951"},{"taxonomy":"post_tag","embeddable":true,"href":"https:\/\/linitiative.ca\/International\/wp-json\/wp\/v2\/tags?post=141951"}],"curies":[{"name":"wp","href":"https:\/\/api.w.org\/{rel}","templated":true}]}}