{"id":141955,"date":"2022-02-28T10:48:49","date_gmt":"2022-02-28T15:48:49","guid":{"rendered":"https:\/\/linitiative.ca\/International\/guerre-russie-ukraine-lunion-europeenne-va-armer-lukraine\/"},"modified":"2022-02-28T10:48:49","modified_gmt":"2022-02-28T15:48:49","slug":"guerre-russie-ukraine-lunion-europeenne-va-armer-lukraine","status":"publish","type":"post","link":"https:\/\/linitiative.ca\/International\/guerre-russie-ukraine-lunion-europeenne-va-armer-lukraine\/","title":{"rendered":"Guerre Russie\/Ukraine : l\u2019Union europ\u00e9enne va armer l\u2019Ukraine"},"content":{"rendered":"<div>\n<p>L\u2019Union europ\u00e9enne \u00a0s\u2019engage plus dans la guerre entre la Russie et l\u2019Ukraine en finan\u00e7ant, pour la premi\u00e8re fois de son histoire, l\u2019achat et la livraison d\u2019armements et d\u2019autres \u00e9quipements \u00e0 l\u2019Ukraine. Selon les propos de la pr\u00e9sidente de la Commission europ\u00e9enne, Ursula von der Leyen, relay\u00e9s par TV5 monde. Ainsi l\u2019UE compte d\u00e9bloquer une enveloppe de 450 millions d\u2019euros pour acheter des armes destin\u00e9es aux forces arm\u00e9es ukrainiennes. Certains pays sont dispos\u00e9s \u00e0 fournir des avions de combat afin de les aider \u00e0 r\u00e9sister \u00e0 l\u2019offensive russe.\u00a0<em>\u00ab\u00a0Le chef de la diplomatie ukrainienne Dmytro Kouleba a dit avoir besoin d\u2019avions que les Ukrainiens peuvent piloter. Certains \u00e9tats membre disposent de ce genre d\u2019avions et nous allons les fournir avec d\u2019autres armements n\u00e9cessaires \u00e0 une guerre<\/em>\u00a0\u00bb, a pr\u00e9cis\u00e9 le chef de la diplomatie europ\u00e9enne, Josep Borrell. Cette aide militaire sera r\u00e9ceptionn\u00e9e et achemin\u00e9e\u00a0 par\u00a0 la Pologne.<\/p>\n<p>A.K<\/p>\n<p>\u00a0<\/p>\n<p>L\u2019article <a rel=\"nofollow\" href=\"https:\/\/www.sidwaya.info\/blog\/2022\/02\/28\/guerre-russie-ukraine-lunion-europeenne-va-armer-lukraine\/\">Guerre Russie\/Ukraine : l\u2019Union europ\u00e9enne va armer l\u2019Ukraine<\/a> est apparu en premier sur <a rel=\"nofollow\" href=\"https:\/\/www.sidwaya.info\/\">Quotidien Sidwaya<\/a>.<\/p>\n<\/div>\n<p>Auteur: Wamini SIDWAYA<br \/>\n<a href=\"https:\/\/www.sidwaya.info\/blog\/2022\/02\/28\/guerre-russie-ukraine-lunion-europeenne-va-armer-lukraine\/?utm_source=rss&#038;utm_medium=rss&#038;utm_campaign=guerre-russie-ukraine-lunion-europeenne-va-armer-lukraine\">Cliquez ici pour lire l&rsquo;article depuis sa source.<\/a><\/p>\n","protected":false},"excerpt":{"rendered":"<p>L\u2019Union europ\u00e9enne \u00a0s\u2019engage plus dans la guerre entre la Russie et l\u2019Ukraine en finan\u00e7ant, pour la premi\u00e8re fois de son histoire, l\u2019achat et la livraison d\u2019armements et d\u2019autres \u00e9quipements \u00e0 l\u2019Ukraine. Selon les propos de la pr\u00e9sidente de la Commission europ\u00e9enne, Ursula von der Leyen, relay\u00e9s par TV5 monde. Ainsi l\u2019UE compte d\u00e9bloquer une enveloppe [&hellip;]<\/p>\n","protected":false},"author":1816,"featured_media":0,"comment_status":"closed","ping_status":"closed","sticky":false,"template":"","format":"standard","meta":{"fifu_image_url":"","fifu_image_alt":"","footnotes":""},"categories":[73,81],"tags":[],"class_list":["post-141955","post","type-post","status-publish","format-standard","hentry","category-actualite","category-burkina-faso"],"_links":{"self":[{"href":"https:\/\/linitiative.ca\/International\/wp-json\/wp\/v2\/posts\/141955","targetHints":{"allow":["GET"]}}],"collection":[{"href":"https:\/\/linitiative.ca\/International\/wp-json\/wp\/v2\/posts"}],"about":[{"href":"https:\/\/linitiative.ca\/International\/wp-json\/wp\/v2\/types\/post"}],"author":[{"embeddable":true,"href":"https:\/\/linitiative.ca\/International\/wp-json\/wp\/v2\/users\/1816"}],"replies":[{"embeddable":true,"href":"https:\/\/linitiative.ca\/International\/wp-json\/wp\/v2\/comments?post=141955"}],"version-history":[{"count":0,"href":"https:\/\/linitiative.ca\/International\/wp-json\/wp\/v2\/posts\/141955\/revisions"}],"wp:attachment":[{"href":"https:\/\/linitiative.ca\/International\/wp-json\/wp\/v2\/media?parent=141955"}],"wp:term":[{"taxonomy":"category","embeddable":true,"href":"https:\/\/linitiative.ca\/International\/wp-json\/wp\/v2\/categories?post=141955"},{"taxonomy":"post_tag","embeddable":true,"href":"https:\/\/linitiative.ca\/International\/wp-json\/wp\/v2\/tags?post=141955"}],"curies":[{"name":"wp","href":"https:\/\/api.w.org\/{rel}","templated":true}]}}