{"id":141956,"date":"2022-02-28T17:33:35","date_gmt":"2022-02-28T22:33:35","guid":{"rendered":"https:\/\/linitiative.ca\/International\/le-dialogue-de-lespoir\/"},"modified":"2022-02-28T17:33:35","modified_gmt":"2022-02-28T22:33:35","slug":"le-dialogue-de-lespoir","status":"publish","type":"post","link":"https:\/\/linitiative.ca\/International\/le-dialogue-de-lespoir\/","title":{"rendered":"Le dialogue de l\u2019espoir"},"content":{"rendered":"<div>\n<p>Le dialogue national inclusif tchadien, initialement pr\u00e9vu le 15 f\u00e9vrier et report\u00e9 au 10 mai 2022, aura-t-il lieu \u00e0 bonne date ? Cette question n\u2019est pas anodine, au lendemain de la non- tenue du pr\u00e9dialogue avec les 26 mouvements politico-militaires recens\u00e9s. Cette rencontre d\u2019int\u00e9r\u00eat, annonc\u00e9e pour le 27 f\u00e9vrier dernier \u00e0 Doha au Qatar, n\u2019a pas eu lieu, alors que le pr\u00e9sident de la Transition, le g\u00e9n\u00e9ral Mahamat Idriss D\u00e9by, avait donn\u00e9 toutes les assurances.<\/p>\n<p>C\u2019\u00e9tait sans compter avec des imp\u00e9ratifs, que le fils du d\u00e9funt pr\u00e9sident tchadien, semble avoir minimis\u00e9, notamment des probl\u00e8mes logistiques et de coordination avec les autorit\u00e9s qataries, rompues pour ce genre de n\u00e9gociations. Les deux parties ne se sont pas entendues sur le nombre de participants. Le Qatar souhaite moins d\u2019acteurs, un choix que le g\u00e9n\u00e9ral D\u00e9by ne partage pas. Pour le patron de la junte militaire au pouvoir, aucun Tchadien ne doit \u00eatre \u00e9cart\u00e9, ni au pr\u00e9dialogue ni aux assises nationales.<\/p>\n<p>L\u2019autre raison qui explique la non- tenue du pr\u00e9dialogue, c\u2019est la situation administrative des rebelles, pour la plupart r\u00e9sidant \u00e0 l\u2019\u00e9tranger. Plac\u00e9s sous contr\u00f4le judiciaire, certains ne peuvent pas quitter leurs pays d\u2019accueil, tandis que d\u2019autres ne disposent pas de passeports pour voyager. Ce sont autant de d\u00e9tails qui compromettent l\u2019organisation du pr\u00e9dialogue, sans lequel, le dialogue inclusif national, cens\u00e9 asseoir les bases d\u2019une v\u00e9ritable r\u00e9conciliation et d\u00e9finir le calendrier pour les futures \u00e9lections, serait biais\u00e9.<\/p>\n<p>A moins de trouver une autre formule, les \u00e9cueils doivent \u00eatre lev\u00e9s, pour que le rendez-vous de Doha, tr\u00e8s capital \u00e0 nos yeux, soit une r\u00e9alit\u00e9. Une nouvelle date n\u2019a pas \u00e9t\u00e9 fix\u00e9e, mais selon certaines indiscr\u00e9tions, les lignes ne devraient pas bouger avant le 12 mars prochain.<\/p>\n<p>Il ne faut pas exclure, dans ces conditions, un nouveau report du dialogue national inclusif, tr\u00e8s attendu des Tchadiens de l\u2019int\u00e9rieur ou vivant librement ou par contrainte hors du pays. Pour qui connait l\u2019histoire du Tchad, pays min\u00e9 par une instabilit\u00e9 politique depuis son accession \u00e0 l\u2019ind\u00e9pendance en 1960, une r\u00e9conciliation sans les mouvements politico-militaires ne saurait \u00eatre fiable. Nombre d\u2019entre eux ont perp\u00e9tr\u00e9 plusieurs attaques contre le r\u00e9gime autoritaire d\u2019Idriss D\u00e9by Itno, qu\u2019ils ont \u00e9chou\u00e9 \u00e0 renverser, jusqu\u2019\u00e0 le tuer.<\/p>\n<p>Le Tchad est coutumier des coups d\u2019Etat et des guerres civiles, aliment\u00e9s par des clivages ethniques nord-sud, avec parfois des implications ext\u00e9rieures. L\u2019esprit de r\u00e9bellion habite les Tchadiens depuis le r\u00e8gne de Fran\u00e7ois Tombalbaye, le p\u00e8re de l\u2019ind\u00e9pendance, assassin\u00e9 en 1975 \u00e0 la suite d\u2019un putsch. La r\u00e9pression, qu\u2019il a exerc\u00e9e contre les opposants et les civils, \u00e0 l\u2019image des paysans r\u00e9volt\u00e9s contre les agents des Imp\u00f4ts en 1965, a nourri les haines et les ranc\u0153urs.<\/p>\n<p>L\u2019autoritarisme de Tombalbaye avait d\u2019ailleurs suscit\u00e9 un mouvement r\u00e9volutionnaire, le Front de lib\u00e9ration nationale du Tchad (Frolinat), d\u2019Ibrahim Abatcha. Malgr\u00e9 la r\u00e9pression, le Frolinat avait r\u00e9sist\u00e9, avant de se fissurer \u00e0 cause des dissensions internes, pour donner naissance \u00e0 plusieurs groupes politico-militaires. La fronde avait aussi gagn\u00e9 les rangs de l\u2019arm\u00e9e. Depuis lors, la lutte pour le pouvoir politique a toujours divis\u00e9 les Tchadiens, au point de maintenir leur pays en bas des classements mondiaux pour le d\u00e9veloppement, malgr\u00e9 sa rente p\u00e9troli\u00e8re.<\/p>\n<p>Le rapport sur le d\u00e9veloppement humain 2020 du PNUD place le Tchad \u00e0 la 187e place sur 189 pays. De Tombalbaye \u00e0 F\u00e9lix Malloum en passant par Goukouni Oueddei, Hiss\u00e8ne Habr\u00e9 et Idriss D\u00e9by Itno, aucun pr\u00e9sident n\u2019a pu g\u00e9rer le Tchad dans la qui\u00e9tude ou incarner l\u2019unit\u00e9 nationale. Ils ont plut\u00f4t r\u00e9gn\u00e9 sans partage. Le pr\u00e9sident de la junte militaire, d\u00e9termin\u00e9 \u00e0 ramener la paix dans le pays, s\u2019engage dans une mission historique.<\/p>\n<p>Le souhait est qu\u2019il r\u00e9ussisse \u00e0 r\u00e9concilier les Tchadiens et \u00e0 rompre d\u00e9finitivement avec le cycle interminable d\u2019instabilit\u00e9. Le g\u00e9n\u00e9ral D\u00e9by avait d\u00e9j\u00e0 balis\u00e9 le terrain pour le dialogue tchado-tchadien, avec l\u2019adoption, en d\u00e9cembre 2021, d\u2019une loi d\u2019amnistie g\u00e9n\u00e9rale pour les rebelles et les opposants tchadiens.<\/p>\n<p>Il lui reste \u00e0 lib\u00e9rer les prisonniers politiques et de guerre, qui croupissent toujours dans les prisons, avant le dialogue national inclusif, pour montrer sa d\u00e9termination \u00e0 tirer un trait sur le pass\u00e9. Amener les filles et fils du pays \u00e0 regarder dans la m\u00eame direction permettra de conduire le pays vers des lendemains plus enviables et de mieux faire face au terrorisme. Aucun pays ne peut se construire dans la division.<\/p>\n<p style=\"text-align: right\"><strong>Kader Patrick KARANTAO <\/strong><\/p>\n<p>L\u2019article <a rel=\"nofollow\" href=\"https:\/\/www.sidwaya.info\/blog\/2022\/02\/28\/le-dialogue-de-lespoir\/\">Le dialogue de l\u2019espoir<\/a> est apparu en premier sur <a rel=\"nofollow\" href=\"https:\/\/www.sidwaya.info\/\">Quotidien Sidwaya<\/a>.<\/p>\n<\/div>\n<p>Auteur: JK. Sidwaya<br \/>\n<a href=\"https:\/\/www.sidwaya.info\/blog\/2022\/02\/28\/le-dialogue-de-lespoir\/?utm_source=rss&#038;utm_medium=rss&#038;utm_campaign=le-dialogue-de-lespoir\">Cliquez ici pour lire l&rsquo;article depuis sa source.<\/a><\/p>\n","protected":false},"excerpt":{"rendered":"<p>Le dialogue national inclusif tchadien, initialement pr\u00e9vu le 15 f\u00e9vrier et report\u00e9 au 10 mai 2022, aura-t-il lieu \u00e0 bonne date ? Cette question n\u2019est pas anodine, au lendemain de la non- tenue du pr\u00e9dialogue avec les 26 mouvements politico-militaires recens\u00e9s. Cette rencontre d\u2019int\u00e9r\u00eat, annonc\u00e9e pour le 27 f\u00e9vrier dernier \u00e0 Doha au Qatar, n\u2019a [&hellip;]<\/p>\n","protected":false},"author":1816,"featured_media":0,"comment_status":"closed","ping_status":"closed","sticky":false,"template":"","format":"standard","meta":{"fifu_image_url":"","fifu_image_alt":"","footnotes":""},"categories":[73,81],"tags":[],"class_list":["post-141956","post","type-post","status-publish","format-standard","hentry","category-actualite","category-burkina-faso"],"_links":{"self":[{"href":"https:\/\/linitiative.ca\/International\/wp-json\/wp\/v2\/posts\/141956","targetHints":{"allow":["GET"]}}],"collection":[{"href":"https:\/\/linitiative.ca\/International\/wp-json\/wp\/v2\/posts"}],"about":[{"href":"https:\/\/linitiative.ca\/International\/wp-json\/wp\/v2\/types\/post"}],"author":[{"embeddable":true,"href":"https:\/\/linitiative.ca\/International\/wp-json\/wp\/v2\/users\/1816"}],"replies":[{"embeddable":true,"href":"https:\/\/linitiative.ca\/International\/wp-json\/wp\/v2\/comments?post=141956"}],"version-history":[{"count":0,"href":"https:\/\/linitiative.ca\/International\/wp-json\/wp\/v2\/posts\/141956\/revisions"}],"wp:attachment":[{"href":"https:\/\/linitiative.ca\/International\/wp-json\/wp\/v2\/media?parent=141956"}],"wp:term":[{"taxonomy":"category","embeddable":true,"href":"https:\/\/linitiative.ca\/International\/wp-json\/wp\/v2\/categories?post=141956"},{"taxonomy":"post_tag","embeddable":true,"href":"https:\/\/linitiative.ca\/International\/wp-json\/wp\/v2\/tags?post=141956"}],"curies":[{"name":"wp","href":"https:\/\/api.w.org\/{rel}","templated":true}]}}