{"id":141957,"date":"2022-02-28T17:39:14","date_gmt":"2022-02-28T22:39:14","guid":{"rendered":"https:\/\/linitiative.ca\/International\/bien-etre-des-populations-un-projet-pour-lacces-aux-soins-des-plus-vulnerables\/"},"modified":"2022-02-28T17:39:14","modified_gmt":"2022-02-28T22:39:14","slug":"bien-etre-des-populations-un-projet-pour-lacces-aux-soins-des-plus-vulnerables","status":"publish","type":"post","link":"https:\/\/linitiative.ca\/International\/bien-etre-des-populations-un-projet-pour-lacces-aux-soins-des-plus-vulnerables\/","title":{"rendered":"Bien-\u00eatre des populations : Un projet pour l\u2019acc\u00e8s aux soins des plus vuln\u00e9rables"},"content":{"rendered":"<div>\n<p><strong>Le projet de veille communautaire pour l\u2019am\u00e9lioration de l\u2019acc\u00e8s des couches vuln\u00e9rables aux services de soins de sant\u00e9 a \u00e9t\u00e9 lanc\u00e9 officiellement, le vendredi 25 f\u00e9vrier 2022 \u00e0 Ouagadougou. Port\u00e9 par le Secr\u00e9tariat permanent des organisations non gouvernementales (SPONG) en partenariat avec l\u2019UNICEF, le projet concerne 20 communes r\u00e9parties \u00e0 travers 7 districts sanitaires. <\/strong><\/p>\n<p>Le Secr\u00e9tariat permanent des organisations non gouvernementales (SPONG) entend contribuer \u00e0 r\u00e9duire les dysfonctionnements qui emp\u00eachent les plus vuln\u00e9rables notamment les femmes, les enfants, les personnes \u00e2g\u00e9es et les handicap\u00e9s de b\u00e9n\u00e9ficier des soins de sant\u00e9. Il a lanc\u00e9 officiellement le projet de veille communautaire pour l\u2019am\u00e9lioration de l\u2019acc\u00e8s des couches vuln\u00e9rables aux services de soins de sant\u00e9 dans 20 communes des districts sanitaires de Kaya, Boussouma, Fada N\u2019Gourma, Tenkodogo, Manga, P\u00f4 et Koudougou.<\/p>\n<p>D\u2019un co\u00fbt global de 255 805 950 F CFA, le projet a une dur\u00e9e de 15 mois. Les comit\u00e9s de veille de sant\u00e9 vont constituer la cheville ouvri\u00e8re du projet pour l\u2019am\u00e9lioration de l\u2019acc\u00e8s des couches vuln\u00e9rables aux services de soins de sant\u00e9. Ils sont charg\u00e9s de collecter les informations qui entravent l\u2019acc\u00e8s des plus faibles aux soins et de compiler des rapports destin\u00e9s \u00e0 \u00eatre pr\u00e9sent\u00e9s aux autorit\u00e9s locales (gouvernorat, conseil r\u00e9gional, mairie, pr\u00e9fecture district sanitaire).<\/p>\n<p>Ces comit\u00e9s vont \u00e9galement \u00e9laborer des plans de r\u00e9ponses adapt\u00e9s pour chaque communaut\u00e9 et engager un plaidoyer au niveau local pour leur application. \u00ab C\u2019est surtout au niveau local que les difficult\u00e9s vont trouver des solutions \u00bb, a insist\u00e9 la charg\u00e9e de projet au SPONG, Dr Nadine Ouoba\/Diao. Par la suite, le SPONG, devrait prendre la rel\u00e8ve pour le plaidoyer au niveau national pour les dysfonctionnements r\u00e9siduels.<\/p>\n<p>Le lancement du projet s\u2019est effectu\u00e9 en pr\u00e9sence de la pr\u00e9sidente du conseil d\u2019administration du SPONG, Christelle Kalwoul\u00e9, du repr\u00e9sentant-r\u00e9sident adjoint de l\u2019UNICEF au Burkina Faso, Dr James Mugaju, du secr\u00e9taire technique en charge de la couverture universelle du minist\u00e8re de la Sant\u00e9, de l\u2019Hygi\u00e8ne publique et du Bien-\u00eatre, Dr Pierre Yam\u00e9ogo ainsi que des repr\u00e9sentants des autorit\u00e9s locales et des districts sanitaires concern\u00e9s. Il a \u00e9t\u00e9 accueilli avec enthousiasme.<\/p>\n<p>Selon Mme Kalwoul\u00e9, le suivi citoyen des soins de sant\u00e9, op\u00e9r\u00e9 depuis 2015 par le SPONG, met en \u00e9vidence en d\u00e9pit des efforts d\u00e9ploy\u00e9s, plusieurs insuffisances dont la m\u00e9connaissance du panier de soins par les b\u00e9n\u00e9ficiaires, les rackets. Le repr\u00e9sentant-r\u00e9sident adjoint de l\u2019UNICEF a invit\u00e9 les acteurs \u00e0 travailler \u00e0 l\u2019institutionnalisation de la veille communautaire dans l\u2019acc\u00e8s aux soins au Burkina Faso. \u00ab Pour l\u2019UNICEF, ce projet est une initiative phare pour l\u2019am\u00e9lioration du bien-\u00eatre des populations \u00bb, a-t-il d\u00e9clar\u00e9.<\/p>\n<p>Le docteur Yam\u00e9ogo, pour sa part, a estim\u00e9 que le projet de veille communautaire pour l\u2019am\u00e9lioration de l\u2019acc\u00e8s des couches vuln\u00e9rables aux services de soins de sant\u00e9 dans 20 communes va consolider les acquis et combler les \u00e9carts constat\u00e9s pour l\u2019acc\u00e8s de tous \u00e0 des soins de sant\u00e9 dans les districts b\u00e9n\u00e9ficiaires. Il a salu\u00e9 le dispositif du projet ax\u00e9 sur la durabilit\u00e9 \u00e0 travers la r\u00e9solution des difficult\u00e9s au niveau local.<\/p>\n<p style=\"text-align: right\"><strong>Nad\u00e8ge YE<\/strong><\/p>\n<p>L\u2019article <a rel=\"nofollow\" href=\"https:\/\/www.sidwaya.info\/blog\/2022\/02\/28\/bien-etre-des-populations-un-projet-pour-lacces-aux-soins-des-plus-vulnerables\/\">Bien-\u00eatre des populations : Un projet pour l\u2019acc\u00e8s aux soins des plus vuln\u00e9rables<\/a> est apparu en premier sur <a rel=\"nofollow\" href=\"https:\/\/www.sidwaya.info\/\">Quotidien Sidwaya<\/a>.<\/p>\n<\/div>\n<p>Auteur: JK. Sidwaya<br \/>\n<a href=\"https:\/\/www.sidwaya.info\/blog\/2022\/02\/28\/bien-etre-des-populations-un-projet-pour-lacces-aux-soins-des-plus-vulnerables\/?utm_source=rss&#038;utm_medium=rss&#038;utm_campaign=bien-etre-des-populations-un-projet-pour-lacces-aux-soins-des-plus-vulnerables\">Cliquez ici pour lire l&rsquo;article depuis sa source.<\/a><\/p>\n","protected":false},"excerpt":{"rendered":"<p>Le projet de veille communautaire pour l\u2019am\u00e9lioration de l\u2019acc\u00e8s des couches vuln\u00e9rables aux services de soins de sant\u00e9 a \u00e9t\u00e9 lanc\u00e9 officiellement, le vendredi 25 f\u00e9vrier 2022 \u00e0 Ouagadougou. Port\u00e9 par le Secr\u00e9tariat permanent des organisations non gouvernementales (SPONG) en partenariat avec l\u2019UNICEF, le projet concerne 20 communes r\u00e9parties \u00e0 travers 7 districts sanitaires. Le [&hellip;]<\/p>\n","protected":false},"author":1816,"featured_media":0,"comment_status":"closed","ping_status":"closed","sticky":false,"template":"","format":"standard","meta":{"fifu_image_url":"","fifu_image_alt":"","footnotes":""},"categories":[73,81],"tags":[],"class_list":["post-141957","post","type-post","status-publish","format-standard","hentry","category-actualite","category-burkina-faso"],"_links":{"self":[{"href":"https:\/\/linitiative.ca\/International\/wp-json\/wp\/v2\/posts\/141957","targetHints":{"allow":["GET"]}}],"collection":[{"href":"https:\/\/linitiative.ca\/International\/wp-json\/wp\/v2\/posts"}],"about":[{"href":"https:\/\/linitiative.ca\/International\/wp-json\/wp\/v2\/types\/post"}],"author":[{"embeddable":true,"href":"https:\/\/linitiative.ca\/International\/wp-json\/wp\/v2\/users\/1816"}],"replies":[{"embeddable":true,"href":"https:\/\/linitiative.ca\/International\/wp-json\/wp\/v2\/comments?post=141957"}],"version-history":[{"count":0,"href":"https:\/\/linitiative.ca\/International\/wp-json\/wp\/v2\/posts\/141957\/revisions"}],"wp:attachment":[{"href":"https:\/\/linitiative.ca\/International\/wp-json\/wp\/v2\/media?parent=141957"}],"wp:term":[{"taxonomy":"category","embeddable":true,"href":"https:\/\/linitiative.ca\/International\/wp-json\/wp\/v2\/categories?post=141957"},{"taxonomy":"post_tag","embeddable":true,"href":"https:\/\/linitiative.ca\/International\/wp-json\/wp\/v2\/tags?post=141957"}],"curies":[{"name":"wp","href":"https:\/\/api.w.org\/{rel}","templated":true}]}}