{"id":141958,"date":"2022-02-28T08:18:03","date_gmt":"2022-02-28T13:18:03","guid":{"rendered":"https:\/\/linitiative.ca\/International\/guerre-russie-ukraine-des-ressortissants-africains-inquiets-de-leur-sort\/"},"modified":"2022-02-28T08:18:03","modified_gmt":"2022-02-28T13:18:03","slug":"guerre-russie-ukraine-des-ressortissants-africains-inquiets-de-leur-sort","status":"publish","type":"post","link":"https:\/\/linitiative.ca\/International\/guerre-russie-ukraine-des-ressortissants-africains-inquiets-de-leur-sort\/","title":{"rendered":"Guerre Russie-Ukraine: des ressortissants africains inquiets de leur sort"},"content":{"rendered":"<div>\n<p><img decoding=\"async\" width=\"758\" height=\"404\" src=\"https:\/\/linitiative.ca\/International\/wp-content\/uploads\/sites\/23\/2022\/02\/16460542831711.jpg\" class=\"attachment-post-thumbnail size-post-thumbnail wp-post-image\" alt=\"\" loading=\"lazy\" srcset=\"https:\/\/linitiative.ca\/International\/wp-content\/uploads\/sites\/23\/2022\/02\/16460542831711.jpg 758w, https:\/\/www.journalducameroun.com\/wp-content\/uploads\/2022\/02\/16460542831711-300x160.jpg 300w, https:\/\/www.journalducameroun.com\/wp-content\/uploads\/2022\/02\/16460542831711-600x320.jpg 600w\" sizes=\"auto, (max-width: 758px) 100vw, 758px\"><\/p>\n<p>Au cinqui\u00e8me jour de l&rsquo;invasion russe en Ukraine, faisant d\u00e9j\u00e0 plusieurs morts, des ressortissants africains cherchent par tous les moyens \u00e0 fuir le pays, min\u00e9 par des combats qui encerclent d\u00e9sormais la capitale Kiev.Leur angoisse ne cesse de monter aussi longtemps que dure leur pr\u00e9sence sur le sol ukrainien. Plusieurs ressortissants du continent sont pris au pi\u00e8ge dans ce pays de l&rsquo;Europe de l&rsquo;est apr\u00e8s que le pr\u00e9sident Vladimir Poutine a d\u00e9cid\u00e9 de lancer ses foudres pour \u00e9touffer les vell\u00e9it\u00e9s de son homologue ukrainien, Volodymyr Zelensky, d&rsquo;inscrire son pays dans la ligne de l&rsquo;Union Europ\u00e9enne (UE) et celle de l&rsquo;OTAN, une puissance militaire occidentale cr\u00e9\u00e9e depuis la Guerre froide.<\/p>\n<p>Apr\u00e8s cinq jours d&rsquo;affrontements, le bilan provisoire de l&rsquo;ONU r\u00e9pertorie 102 civils tu\u00e9s et 304 bless\u00e9s alors que plus de 500 000 r\u00e9fugi\u00e9s ont d\u00e9j\u00e0 fui les combats, se retrouvant pour la plupart en Pologne, pays frontalier de l&rsquo;Ukraine.<\/p>\n<p>Des personnes de nationalit\u00e9s africaines figurent parmi ces r\u00e9fugi\u00e9s m\u00eame si elles ont laiss\u00e9 derri\u00e8re elles des compatriotes. La question de leur \u00e9vacuation se pose donc avec acuit\u00e9, mais peu de gouvernements africains ont \u00e9voqu\u00e9 le sujet en public pour le moment.<\/p>\n<p>En Afrique du Sud, la ministre sud-africaine des Affaires \u00e9trang\u00e8res, Thandi Modise, indique qu&rsquo;il n&rsquo;y a pas de projet d&rsquo;\u00e9vacuation mis en place car aucune demande officielle n&rsquo;aurait \u00e9t\u00e9 formul\u00e9e pour \u00e9vacuer d&rsquo;Ukraine ou de Russie, rapporte le journal The Citizen. Or vendredi, le d\u00e9partement des Relations internationales et de la Coop\u00e9ration a tout de m\u00eame \u00ab appel\u00e9 les Sud-Africains bloqu\u00e9s en Ukraine \u00e0 tenter de partir vers les pays voisins \u00bb. Ils seraient quelque 250 sur place, selon les chiffres officiels.<\/p>\n<p>Des dizaines de milliers de ressortissants<\/p>\n<p>Avec ses \u00ab\u00a010.000 ressortissants\u00a0\u00bb, le Maroc repr\u00e9sente la \u00ab\u00a0deuxi\u00e8me communaut\u00e9 estudiantine\u00a0\u00bb en Ukraine. Selon Jeune Afrique, les services consulaires du Royaume ch\u00e9rifien ont mis en place trois num\u00e9ros de t\u00e9l\u00e9phone \u00e0 destination des ressortissants ayant besoin d&rsquo;assistance, \u00ab\u00a0sans toutefois pr\u00e9voir d&rsquo;op\u00e9ration d&rsquo;\u00e9vacuation sp\u00e9cifique\u00a0\u00bb.<\/p>\n<p>Si de nombreux \u00e9tudiants ont manifest\u00e9 leur volont\u00e9 de rentrer dans leur pays face \u00e0 l&rsquo;\u00e9ventualit\u00e9 d&rsquo;une attaque russe, l&rsquo;ambassade du Maroc \u00e0 Kiev leur avait r\u00e9torqu\u00e9 que leur rapatriement \u00e9tait tributaire de la r\u00e9ouverture des fronti\u00e8res marocaines, effective depuis le 7 f\u00e9vrier. \u00a0Malgr\u00e9 la mise en place des vols sp\u00e9ciaux par le Royal Air Maroc, d\u00e8s le 15 f\u00e9vrier, pour pallier l&rsquo;absence de vols commerciaux directs entre le Maroc et l&rsquo;Ukraine, \u00ab la fermeture de l&rsquo;espace a\u00e9rien ukrainien compromet aujourd&rsquo;hui ces op\u00e9rations \u00bb, note le journal.<\/p>\n<p>En revanche, dans le quotidien L&rsquo;Observateur, le secr\u00e9taire d&rsquo;Etat aupr\u00e8s du ministre des Affaires \u00e9trang\u00e8res et des S\u00e9n\u00e9galais de l&rsquo;Ext\u00e9rieur, Mo\u00efse Sarr, \u00ab a\u00a0magnifi\u00e9 la mutualisation des moyens du groupe des Ambassadeurs africains pr\u00e9sid\u00e9s par le Maroc qui se relaient sur le terrain pour aider indistinctement +tous les ressortissants africains, quelle que soit la nationalit\u00e9+, \u00e0 acc\u00e9der en Pologne\u00a0\u00bb.<\/p>\n<p>L&rsquo;Observateur renseigne que le S\u00e9n\u00e9gal compte une \u00ab\u00a0centaine\u00a0\u00bb de ressortissants s\u00e9n\u00e9galais en Ukraine. Pour le moment, une \u00ab\u00a0quinzaine\u00a0\u00bb sur une \u00ab\u00a0trentaine\u00a0\u00bb de S\u00e9n\u00e9galais ont r\u00e9ussi \u00e0 traverser la fronti\u00e8re avec la Pologne, informe le journal s\u00e9n\u00e9galais.<\/p>\n<p>Mais \u00e0 d\u00e9faut de pouvoir regagner ce pays frontalier, les ressortissants africains en Ukraine peuvent esp\u00e9rer que les n\u00e9gociations russo-ukrainiennes, qui ont d\u00e9marr\u00e9 ce lundi 28 f\u00e9vrier en Bi\u00e9lorussie, aboutissent \u00e0 un cessez-le-feu imm\u00e9diat, comme le r\u00e9clame Volodymyr Zelensky.<\/p>\n<p>Cet article <a rel=\"nofollow\" href=\"https:\/\/www.journalducameroun.com\/guerre-russie-ukraine-des-ressortissants-africains-inquiets-de-leur-sort\/\">Guerre Russie-Ukraine: des ressortissants africains inquiets de leur sort<\/a> est apparu en premier sur <a rel=\"nofollow\" href=\"https:\/\/www.journalducameroun.com\/\">Journal du Cameroun<\/a>.<\/p>\n<\/div>\n<p>Auteur: APA News<br \/>\n<a href=\"https:\/\/www.journalducameroun.com\/guerre-russie-ukraine-des-ressortissants-africains-inquiets-de-leur-sort\/\">Cliquez ici pour lire l&rsquo;article depuis sa source.<\/a><\/p>\n","protected":false},"excerpt":{"rendered":"<p>Au cinqui\u00e8me jour de l&rsquo;invasion russe en Ukraine, faisant d\u00e9j\u00e0 plusieurs morts, des ressortissants africains cherchent par tous les moyens \u00e0 fuir le pays, min\u00e9 par des combats qui encerclent d\u00e9sormais la capitale Kiev.Leur angoisse ne cesse de monter aussi longtemps que dure leur pr\u00e9sence sur le sol ukrainien. Plusieurs ressortissants du continent sont pris [&hellip;]<\/p>\n","protected":false},"author":1965,"featured_media":0,"comment_status":"closed","ping_status":"closed","sticky":false,"template":"","format":"standard","meta":{"fifu_image_url":"https:\/\/www.journalducameroun.com\/wp-content\/uploads\/2022\/02\/16460542831711.jpg","fifu_image_alt":"Guerre Russie-Ukraine: des ressortissants africains inquiets de leur sort","footnotes":""},"categories":[73,82],"tags":[],"class_list":["post-141958","post","type-post","status-publish","format-standard","hentry","category-actualite","category-cameroun"],"_links":{"self":[{"href":"https:\/\/linitiative.ca\/International\/wp-json\/wp\/v2\/posts\/141958","targetHints":{"allow":["GET"]}}],"collection":[{"href":"https:\/\/linitiative.ca\/International\/wp-json\/wp\/v2\/posts"}],"about":[{"href":"https:\/\/linitiative.ca\/International\/wp-json\/wp\/v2\/types\/post"}],"author":[{"embeddable":true,"href":"https:\/\/linitiative.ca\/International\/wp-json\/wp\/v2\/users\/1965"}],"replies":[{"embeddable":true,"href":"https:\/\/linitiative.ca\/International\/wp-json\/wp\/v2\/comments?post=141958"}],"version-history":[{"count":0,"href":"https:\/\/linitiative.ca\/International\/wp-json\/wp\/v2\/posts\/141958\/revisions"}],"wp:attachment":[{"href":"https:\/\/linitiative.ca\/International\/wp-json\/wp\/v2\/media?parent=141958"}],"wp:term":[{"taxonomy":"category","embeddable":true,"href":"https:\/\/linitiative.ca\/International\/wp-json\/wp\/v2\/categories?post=141958"},{"taxonomy":"post_tag","embeddable":true,"href":"https:\/\/linitiative.ca\/International\/wp-json\/wp\/v2\/tags?post=141958"}],"curies":[{"name":"wp","href":"https:\/\/api.w.org\/{rel}","templated":true}]}}