{"id":141962,"date":"2022-02-28T11:18:03","date_gmt":"2022-02-28T16:18:03","guid":{"rendered":"https:\/\/linitiative.ca\/International\/invasion-de-lukraine-la-cedeao-preoccupee-par-le-sort-de-ses-ressortissants\/"},"modified":"2022-02-28T11:18:03","modified_gmt":"2022-02-28T16:18:03","slug":"invasion-de-lukraine-la-cedeao-preoccupee-par-le-sort-de-ses-ressortissants","status":"publish","type":"post","link":"https:\/\/linitiative.ca\/International\/invasion-de-lukraine-la-cedeao-preoccupee-par-le-sort-de-ses-ressortissants\/","title":{"rendered":"Invasion de l\u2019Ukraine : la C\u00e9d\u00e9ao pr\u00e9occup\u00e9e par le sort de ses ressortissants"},"content":{"rendered":"<div>\n<p>La Communaut\u00e9 \u00e9conomique des \u00c9tats de l\u2019Afrique de l\u2019Ouest (C\u00e9d\u00e9ao) invite les bellig\u00e9rants \u00ab \u00e0 assurer la s\u00e9curit\u00e9 \u00bb des citoyens de cet espace communautaire.Au cinqui\u00e8me jour de l\u2019offensive de la Russie, les \u00e9trangers vivant en Ukraine sont dans le d\u00e9sarroi. En Afrique, des \u00c9tats comme la C\u00f4te d\u2019Ivoire et le Maroc d\u00e9clarent avoir pris les dispositions pour \u00e9vacuer leurs ressortissants qui le souhaitent.<\/p>\n<p>Vu la complexit\u00e9 de la situation sur le terrain, la Communaut\u00e9 \u00e9conomique des \u00c9tats de l\u2019Afrique de l\u2019Ouest (C\u00e9d\u00e9ao) estime que la Russie et l\u2019Ukraine doivent \u00e9viter de mettre en danger la vie de \u00ab l\u2019ensemble des ressortissants de ses \u00c9tats membres\u00a0\u00bb.<\/p>\n<p>Par ailleurs, l\u2019organisation r\u00e9gionale \u00ab condamne fermement \u00bb l\u2019usage de la force militaire par Moscou. Une d\u00e9cision, regrette-t-elle, qui a d\u00e9j\u00e0 occasionn\u00e9 de nombreuses pertes en vies humaines, notamment au sein des populations civiles.<\/p>\n<p>Toutefois, la C\u00e9d\u00e9ao appelle \u00ab les deux parties \u00e0 mettre fin aux combats et \u00e0 recourir au dialogue pour r\u00e9soudre leur diff\u00e9rend dans l\u2019int\u00e9r\u00eat de la paix \u00bb en Europe.<\/p>\n<p>Cet article <a rel=\"nofollow\" href=\"https:\/\/www.journalducameroun.com\/invasion-de-lukraine-la-cedeao-preoccupee-par-le-sort-de-ses-ressortissants\/\">Invasion de l\u2019Ukraine : la C\u00e9d\u00e9ao pr\u00e9occup\u00e9e par le sort de ses ressortissants<\/a> est apparu en premier sur <a rel=\"nofollow\" href=\"https:\/\/www.journalducameroun.com\/\">Journal du Cameroun<\/a>.<\/p>\n<\/div>\n<p>Auteur: APA News<br \/>\n<a href=\"https:\/\/www.journalducameroun.com\/invasion-de-lukraine-la-cedeao-preoccupee-par-le-sort-de-ses-ressortissants\/\">Cliquez ici pour lire l&rsquo;article depuis sa source.<\/a><\/p>\n","protected":false},"excerpt":{"rendered":"<p>La Communaut\u00e9 \u00e9conomique des \u00c9tats de l\u2019Afrique de l\u2019Ouest (C\u00e9d\u00e9ao) invite les bellig\u00e9rants \u00ab \u00e0 assurer la s\u00e9curit\u00e9 \u00bb des citoyens de cet espace communautaire.Au cinqui\u00e8me jour de l\u2019offensive de la Russie, les \u00e9trangers vivant en Ukraine sont dans le d\u00e9sarroi. En Afrique, des \u00c9tats comme la C\u00f4te d\u2019Ivoire et le Maroc d\u00e9clarent avoir pris [&hellip;]<\/p>\n","protected":false},"author":1965,"featured_media":0,"comment_status":"closed","ping_status":"closed","sticky":false,"template":"","format":"standard","meta":{"fifu_image_url":"","fifu_image_alt":"","footnotes":""},"categories":[73,82],"tags":[],"class_list":["post-141962","post","type-post","status-publish","format-standard","hentry","category-actualite","category-cameroun"],"_links":{"self":[{"href":"https:\/\/linitiative.ca\/International\/wp-json\/wp\/v2\/posts\/141962","targetHints":{"allow":["GET"]}}],"collection":[{"href":"https:\/\/linitiative.ca\/International\/wp-json\/wp\/v2\/posts"}],"about":[{"href":"https:\/\/linitiative.ca\/International\/wp-json\/wp\/v2\/types\/post"}],"author":[{"embeddable":true,"href":"https:\/\/linitiative.ca\/International\/wp-json\/wp\/v2\/users\/1965"}],"replies":[{"embeddable":true,"href":"https:\/\/linitiative.ca\/International\/wp-json\/wp\/v2\/comments?post=141962"}],"version-history":[{"count":0,"href":"https:\/\/linitiative.ca\/International\/wp-json\/wp\/v2\/posts\/141962\/revisions"}],"wp:attachment":[{"href":"https:\/\/linitiative.ca\/International\/wp-json\/wp\/v2\/media?parent=141962"}],"wp:term":[{"taxonomy":"category","embeddable":true,"href":"https:\/\/linitiative.ca\/International\/wp-json\/wp\/v2\/categories?post=141962"},{"taxonomy":"post_tag","embeddable":true,"href":"https:\/\/linitiative.ca\/International\/wp-json\/wp\/v2\/tags?post=141962"}],"curies":[{"name":"wp","href":"https:\/\/api.w.org\/{rel}","templated":true}]}}