{"id":141963,"date":"2022-02-28T11:30:07","date_gmt":"2022-02-28T16:30:07","guid":{"rendered":"https:\/\/linitiative.ca\/International\/aide-a-la-presse-privee-95-medias-camerounais-passent-a-la-loupe\/"},"modified":"2022-02-28T11:30:07","modified_gmt":"2022-02-28T16:30:07","slug":"aide-a-la-presse-privee-95-medias-camerounais-passent-a-la-loupe","status":"publish","type":"post","link":"https:\/\/linitiative.ca\/International\/aide-a-la-presse-privee-95-medias-camerounais-passent-a-la-loupe\/","title":{"rendered":"Aide \u00e0 la presse priv\u00e9e : 95 m\u00e9dias camerounais passent \u00e0 la loupe"},"content":{"rendered":"<div>\n<p><img decoding=\"async\" width=\"1000\" height=\"750\" src=\"https:\/\/linitiative.ca\/International\/wp-content\/uploads\/sites\/23\/2022\/02\/Aide-publique-a-la-presse-privee.jpeg\" class=\"attachment-post-thumbnail size-post-thumbnail wp-post-image\" alt=\"Subvention \u00e0 la presse\" loading=\"lazy\" srcset=\"https:\/\/linitiative.ca\/International\/wp-content\/uploads\/sites\/23\/2022\/02\/Aide-publique-a-la-presse-privee.jpeg 1000w, https:\/\/www.journalducameroun.com\/wp-content\/uploads\/2022\/02\/Aide-publique-a-la-presse-privee-300x225.jpeg 300w, https:\/\/www.journalducameroun.com\/wp-content\/uploads\/2022\/02\/Aide-publique-a-la-presse-privee-768x576.jpeg 768w, https:\/\/www.journalducameroun.com\/wp-content\/uploads\/2022\/02\/Aide-publique-a-la-presse-privee-587x440.jpeg 587w, https:\/\/www.journalducameroun.com\/wp-content\/uploads\/2022\/02\/Aide-publique-a-la-presse-privee-600x450.jpeg 600w\" sizes=\"auto, (max-width: 1000px) 100vw, 1000px\"><\/p>\n<h2 style=\"text-align: justify;\">La commission du minist\u00e8re de la Communication si\u00e8ge depuis vendredi pour \u00e9tablir la liste des supports qui vont b\u00e9n\u00e9ficier de cette subvention.<\/h2>\n<p style=\"text-align: justify;\">La commission de d\u00e9livrance de <strong>l\u2019aide publique \u00e0 la presse<\/strong> est en concertation. Le pr\u00e9sident de la commission, <strong>Ren\u00e9 Emmanuel Sadi<\/strong>, par ailleurs, ministre de la Communication en a profit\u00e9 pour inviter la commission \u00e0 plus d\u2019objectivit\u00e9 dans le choix de ses b\u00e9n\u00e9ficiaires.<\/p>\n<p style=\"text-align: justify;\">Mais la grande nouveaut\u00e9 cependant reste l\u2019instruction du ministre \u00e0 la commission d\u2019assurer un contr\u00f4le au niveau des m\u00e9dias sur l\u2019utilisation de ces fonds. Elle va s\u2019articuler entre autres sur des visites surprises au sein des r\u00e9dactions.<\/p>\n<p style=\"text-align: justify;\">Au sein du groupe d\u2019\u00e9tude, on retrouve des repr\u00e9sentants de l\u2019administration publique. Mais \u00e9galement, ceux du corps priv\u00e9 incluant la presse \u00e9crite anglophone et francophone. Et ainsi que les m\u00e9dias priv\u00e9s en ligne.<\/p>\n<p style=\"text-align: justify;\">C\u2019est donc au total, 84 journaux et 11 m\u00e9dias en lignes qui ont leurs dossiers pos\u00e9s sur la table d\u2019\u00e9tude. <strong>Ren\u00e9 Emmanuel Sadi<\/strong> a saisi cette occasion pour appeler les patrons de ces organes de presse \u00e0 faire davantage preuve de professionnalisme dans leur fonctionnement. Tout en soulignant l\u2019importance de respecter les textes qui encadrent la profession.<\/p>\n<p style=\"text-align: justify;\">Cette session pour la subvention aux <strong>m\u00e9dias priv\u00e9s<\/strong> \u00e9tait cens\u00e9e se d\u00e9rouler en 2021 car elle est inscrite dans le calendrier budg\u00e9taire de l\u2019ann\u00e9e derni\u00e8re.<\/p>\n<p style=\"text-align: justify;\">Mais son ajournement a \u00e9t\u00e9 caus\u00e9 par la recrudescence du Covid-19. Joint \u00e0 cela, les tensions s\u00e9curitaires dans les r\u00e9gions du Nord-Ouest et du Sud-Ouest. Des \u00e9v\u00e8nements qui selon le <strong>Mincom<\/strong>, ont eu des r\u00e9percussions n\u00e9gatives sur l\u2019\u00e9conomie nationale ralentissant ainsi la proc\u00e9dure d\u2019appui aux m\u00e9dias priv\u00e9s.<\/p>\n<p style=\"text-align: justify;\">Il n\u2019a pas manqu\u00e9 de pr\u00e9ciser que le retard accus\u00e9 est aussi d\u00fb \u00e0 l\u2019organisation de la Coupe d\u2019Afrique des nations.<\/p>\n<p>Cet article <a rel=\"nofollow\" href=\"https:\/\/www.journalducameroun.com\/aide-a-la-presse-privee-95-medias-camerounais-passent-a-la-loupe\/\">Aide \u00e0 la presse priv\u00e9e : 95 m\u00e9dias camerounais passent \u00e0 la loupe<\/a> est apparu en premier sur <a rel=\"nofollow\" href=\"https:\/\/www.journalducameroun.com\/\">Journal du Cameroun<\/a>.<\/p>\n<\/div>\n<p>Auteur: Paul Wandji<br \/>\n<a href=\"https:\/\/www.journalducameroun.com\/aide-a-la-presse-privee-95-medias-camerounais-passent-a-la-loupe\/\">Cliquez ici pour lire l&rsquo;article depuis sa source.<\/a><\/p>\n","protected":false},"excerpt":{"rendered":"<p>La commission du minist\u00e8re de la Communication si\u00e8ge depuis vendredi pour \u00e9tablir la liste des supports qui vont b\u00e9n\u00e9ficier de cette subvention. La commission de d\u00e9livrance de l\u2019aide publique \u00e0 la presse est en concertation. Le pr\u00e9sident de la commission, Ren\u00e9 Emmanuel Sadi, par ailleurs, ministre de la Communication en a profit\u00e9 pour inviter la [&hellip;]<\/p>\n","protected":false},"author":1965,"featured_media":0,"comment_status":"closed","ping_status":"closed","sticky":false,"template":"","format":"standard","meta":{"fifu_image_url":"https:\/\/www.journalducameroun.com\/wp-content\/uploads\/2022\/02\/Aide-publique-a-la-presse-privee.jpeg","fifu_image_alt":"Aide \u00e0 la presse priv\u00e9e : 95 m\u00e9dias camerounais passent \u00e0 la loupe","footnotes":""},"categories":[73,82],"tags":[],"class_list":["post-141963","post","type-post","status-publish","format-standard","hentry","category-actualite","category-cameroun"],"_links":{"self":[{"href":"https:\/\/linitiative.ca\/International\/wp-json\/wp\/v2\/posts\/141963","targetHints":{"allow":["GET"]}}],"collection":[{"href":"https:\/\/linitiative.ca\/International\/wp-json\/wp\/v2\/posts"}],"about":[{"href":"https:\/\/linitiative.ca\/International\/wp-json\/wp\/v2\/types\/post"}],"author":[{"embeddable":true,"href":"https:\/\/linitiative.ca\/International\/wp-json\/wp\/v2\/users\/1965"}],"replies":[{"embeddable":true,"href":"https:\/\/linitiative.ca\/International\/wp-json\/wp\/v2\/comments?post=141963"}],"version-history":[{"count":0,"href":"https:\/\/linitiative.ca\/International\/wp-json\/wp\/v2\/posts\/141963\/revisions"}],"wp:attachment":[{"href":"https:\/\/linitiative.ca\/International\/wp-json\/wp\/v2\/media?parent=141963"}],"wp:term":[{"taxonomy":"category","embeddable":true,"href":"https:\/\/linitiative.ca\/International\/wp-json\/wp\/v2\/categories?post=141963"},{"taxonomy":"post_tag","embeddable":true,"href":"https:\/\/linitiative.ca\/International\/wp-json\/wp\/v2\/tags?post=141963"}],"curies":[{"name":"wp","href":"https:\/\/api.w.org\/{rel}","templated":true}]}}