{"id":141965,"date":"2022-02-28T12:03:42","date_gmt":"2022-02-28T17:03:42","guid":{"rendered":"https:\/\/linitiative.ca\/International\/cameroun-mesaventure-ils-empechent-leur-pere-de-se-remarier\/"},"modified":"2022-02-28T12:03:42","modified_gmt":"2022-02-28T17:03:42","slug":"cameroun-mesaventure-ils-empechent-leur-pere-de-se-remarier","status":"publish","type":"post","link":"https:\/\/linitiative.ca\/International\/cameroun-mesaventure-ils-empechent-leur-pere-de-se-remarier\/","title":{"rendered":"Cameroun-m\u00e9saventure : ils emp\u00eachent leur p\u00e8re de se remarier"},"content":{"rendered":"<div>\n<p><img decoding=\"async\" width=\"756\" height=\"540\" src=\"https:\/\/linitiative.ca\/International\/wp-content\/uploads\/sites\/23\/2022\/02\/Mariage-annule.jpeg\" class=\"attachment-post-thumbnail size-post-thumbnail wp-post-image\" alt=\"Mariage annul\u00e9\" loading=\"lazy\" srcset=\"https:\/\/linitiative.ca\/International\/wp-content\/uploads\/sites\/23\/2022\/02\/Mariage-annule.jpeg 756w, https:\/\/www.journalducameroun.com\/wp-content\/uploads\/2022\/02\/Mariage-annule-300x214.jpeg 300w, https:\/\/www.journalducameroun.com\/wp-content\/uploads\/2022\/02\/Mariage-annule-616x440.jpeg 616w, https:\/\/www.journalducameroun.com\/wp-content\/uploads\/2022\/02\/Mariage-annule-600x429.jpeg 600w\" sizes=\"auto, (max-width: 756px) 100vw, 756px\"><\/p>\n<h2 style=\"text-align: justify;\">S\u00e9questr\u00e9 par un de ses fils le jour-dit dans sa chambre, Jean-Jonas n\u2019a pas pu se rendre \u00e0 son mariage.<\/h2>\n<p style=\"text-align: justify;\">\n<p style=\"text-align: justify;\">La sc\u00e8ne se d\u00e9roule \u00e0 <strong>Douala<\/strong> au quartier Nylon. Jean-Jonas est \u00e2g\u00e9 de 54 ans. \u00c7a fait six mois que son \u00e9pouse, Jacqueline Merline, est d\u00e9c\u00e9d\u00e9e. Une mort caus\u00e9e par un accident de circulation. Elle laisse \u00e0 son \u00e9poux cinq enfants.<\/p>\n<p style=\"text-align: justify;\">Ce statut de <strong>veuf<\/strong> n\u2019a pas sembl\u00e9 convenir \u00e0 Jean-Jonas. C\u2019est ainsi qu\u2019il a d\u00e9cid\u00e9 de refaire sa vie avec une autre. Or, \u00e0 l\u2019enterrement de Jacqueline Merline, il a fait la promesse de plus se remarier.<\/p>\n<p style=\"text-align: justify;\">Plus facile \u00e0 dire qu\u2019\u00e0 faire pour notre ami Jean-Jonas. On dira peut-\u00eatre que la chair est faible. En tout cas, le week-end dernier, le <strong>veuf<\/strong> voyait d\u00e9j\u00e0 se promesse \u00eatre bris\u00e9e.<\/p>\n<p style=\"text-align: justify;\">Car en effet, Jean-Jonas s\u2019est engag\u00e9 depuis d\u00e9cembre dernier avec une femme install\u00e9e au Camp Yabassi.\u00a0 Il est m\u00eame d\u00e9j\u00e0 all\u00e9 jusqu\u2019\u00e0 la doter.<\/p>\n<p style=\"text-align: justify;\">Il fallait donc passer \u00e0 l\u2019\u00e9tape sup\u00e9rieure. Malheureusement pour lui, un de ses t\u00e9moins, n\u2019a pas pu tenir sa longue assez longtemps. C\u2019est ainsi que ce dernier a inform\u00e9 Jeannot, le fils a\u00een\u00e9 de feu Jacqueline Merline.<\/p>\n<p style=\"text-align: justify;\">Une fois mis au parfum, il s\u2019organise avec sa jumelle, Barbara, une contre-attaque. Ils le font avec la complicit\u00e9 de quelques amis de la famille au quartier Nylon.<\/p>\n<p style=\"text-align: justify;\">Samedi alors que le <strong>fianc\u00e9<\/strong> s\u2019appr\u00eate chez lui, ses enfants d\u00e9barquent au quartier. Ces derniers n\u2019arrivent pas \u00e0 la maison familiale. Ils vont plut\u00f4t se planquer chez une amie \u00e0 leur d\u00e9funte m\u00e8re.<\/p>\n<p style=\"text-align: justify;\">Pendant que les pr\u00e9paratifs vont bon train du c\u00f4t\u00e9 de leur papa, ils sont inform\u00e9s de tous les faits et gestes par des voisins. Puis, un v\u00e9hicule Toyota \u2018Picnic\u2019 gare devant le domicile familial. Il contient notamment des effets de d\u00e9coration nuptiale, non encore d\u00e9ploy\u00e9s.<\/p>\n<p style=\"text-align: justify;\">C\u2019est alors que les jumeaux font leur entr\u00e9e \u00e0 la maison. Ils vont directement dans la chambre de leur p\u00e8re et le trouvent en train de s\u2019habiller. Sur un gu\u00e9ridon pr\u00e8s du lit, deux <strong>alliances<\/strong>.<\/p>\n<p style=\"text-align: justify;\">D\u00e9boussol\u00e9e, sa fille s\u2019exclame \u00a0<em>\u00ab\u00a0m\u00eame pas un an\u00a0?! Je pense que c\u2019est toi qui as tu\u00e9 maman\u00a0!\u00a0\u00bb<\/em>. Quant \u00e0 Jeannot, il rappelle \u00e0 son p\u00e8re son v\u0153u de ne plus se <strong>marier<\/strong>. Face \u00e0 cette situation, Jean-Jonas reste bouche b\u00e9e.<\/p>\n<p style=\"text-align: justify;\">La sc\u00e8ne se poursuit avec le fils qui demande \u00e0 sa jumelle de sortir et de l&rsquo;enfermer avec leur p\u00e8re. Une s\u00e9questration qui plongeait plus tard le p\u00e8re dans un profond sommeil.<\/p>\n<p style=\"text-align: justify;\">C\u2019est aux environs de 21H que la chambre a \u00e9t\u00e9 ouverte, Jeannot ayant d\u00e9j\u00e0 r\u00e9cup\u00e9r\u00e9 les alliances. Et il d\u00e9cide n\u00e9anmoins d\u2019apporter \u00e0 manger \u00e0 son p\u00e8re\u00a0; lequel refuse le repas. Car, ses enfants viennent de l\u2019emp\u00eacher de renouer avec le bonheur du <strong>mariage<\/strong>.<\/p>\n<p style=\"text-align: justify;\">Source\u00a0: Cameroon Tribune.<\/p>\n<p style=\"text-align: justify;\">\n<p style=\"text-align: justify;\">\n<p>Cet article <a rel=\"nofollow\" href=\"https:\/\/www.journalducameroun.com\/cameroun-mesaventure-ils-empechent-leur-pere-de-se-remarier\/\">Cameroun-m\u00e9saventure : ils emp\u00eachent leur p\u00e8re de se remarier<\/a> est apparu en premier sur <a rel=\"nofollow\" href=\"https:\/\/www.journalducameroun.com\/\">Journal du Cameroun<\/a>.<\/p>\n<\/div>\n<p>Auteur: Paul Wandji<br \/>\n<a href=\"https:\/\/www.journalducameroun.com\/cameroun-mesaventure-ils-empechent-leur-pere-de-se-remarier\/\">Cliquez ici pour lire l&rsquo;article depuis sa source.<\/a><\/p>\n","protected":false},"excerpt":{"rendered":"<p>S\u00e9questr\u00e9 par un de ses fils le jour-dit dans sa chambre, Jean-Jonas n\u2019a pas pu se rendre \u00e0 son mariage. La sc\u00e8ne se d\u00e9roule \u00e0 Douala au quartier Nylon. Jean-Jonas est \u00e2g\u00e9 de 54 ans. \u00c7a fait six mois que son \u00e9pouse, Jacqueline Merline, est d\u00e9c\u00e9d\u00e9e. Une mort caus\u00e9e par un accident de circulation. Elle [&hellip;]<\/p>\n","protected":false},"author":1965,"featured_media":0,"comment_status":"closed","ping_status":"closed","sticky":false,"template":"","format":"standard","meta":{"fifu_image_url":"https:\/\/www.journalducameroun.com\/wp-content\/uploads\/2022\/02\/Mariage-annule.jpeg","fifu_image_alt":"Cameroun-m\u00e9saventure : ils emp\u00eachent leur p\u00e8re de se remarier","footnotes":""},"categories":[73,82],"tags":[],"class_list":["post-141965","post","type-post","status-publish","format-standard","hentry","category-actualite","category-cameroun"],"_links":{"self":[{"href":"https:\/\/linitiative.ca\/International\/wp-json\/wp\/v2\/posts\/141965","targetHints":{"allow":["GET"]}}],"collection":[{"href":"https:\/\/linitiative.ca\/International\/wp-json\/wp\/v2\/posts"}],"about":[{"href":"https:\/\/linitiative.ca\/International\/wp-json\/wp\/v2\/types\/post"}],"author":[{"embeddable":true,"href":"https:\/\/linitiative.ca\/International\/wp-json\/wp\/v2\/users\/1965"}],"replies":[{"embeddable":true,"href":"https:\/\/linitiative.ca\/International\/wp-json\/wp\/v2\/comments?post=141965"}],"version-history":[{"count":0,"href":"https:\/\/linitiative.ca\/International\/wp-json\/wp\/v2\/posts\/141965\/revisions"}],"wp:attachment":[{"href":"https:\/\/linitiative.ca\/International\/wp-json\/wp\/v2\/media?parent=141965"}],"wp:term":[{"taxonomy":"category","embeddable":true,"href":"https:\/\/linitiative.ca\/International\/wp-json\/wp\/v2\/categories?post=141965"},{"taxonomy":"post_tag","embeddable":true,"href":"https:\/\/linitiative.ca\/International\/wp-json\/wp\/v2\/tags?post=141965"}],"curies":[{"name":"wp","href":"https:\/\/api.w.org\/{rel}","templated":true}]}}