{"id":141968,"date":"2022-02-28T09:23:04","date_gmt":"2022-02-28T14:23:04","guid":{"rendered":"https:\/\/linitiative.ca\/International\/le-feicom-debloque-65-millions-de-f-pour-le-developpement-de-lelevage-et-de-la-peche-dans-les-communes\/"},"modified":"2022-02-28T09:23:04","modified_gmt":"2022-02-28T14:23:04","slug":"le-feicom-debloque-65-millions-de-f-pour-le-developpement-de-lelevage-et-de-la-peche-dans-les-communes","status":"publish","type":"post","link":"https:\/\/linitiative.ca\/International\/le-feicom-debloque-65-millions-de-f-pour-le-developpement-de-lelevage-et-de-la-peche-dans-les-communes\/","title":{"rendered":"Le Feicom d\u00e9bloque 65 millions de F pour le d\u00e9veloppement de l\u2019\u00e9levage et de la p\u00eache dans les communes"},"content":{"rendered":"<div>\n<p>Le Fonds Sp\u00e9cial d\u2019Equipement et d\u2019Intervention intercommunal (Feicom) a d\u00e9cid\u00e9 d\u2019accorder un appui financier de 65 millions de FCFA aux communes, \u00e0 travers \u00ab la mise en place et la gestion des infrastructures pour la commercialisation de la viande et du poisson\u00bb, renseigne le directeur g\u00e9n\u00e9ral du Feicom, Philippe Camille Akoa sur son compte Facebook. Il n\u2019est pas plus explicite sur la nature des infrastructures en question, mais il s\u2019agirait vraisemblablement d\u2019espaces commerciaux construits dans plusieurs communes du pays, pour la commercialisation de ces denr\u00e9es de premi\u00e8re n\u00e9cessit\u00e9.<\/p>\n<p><strong>Lire aussi<\/strong> : <strong><a href=\"https:\/\/ecomatin.net\/filiere-bovine-envolee-des-prix-de-la-viande-de-boeuf-malgre-sa-disponibilite\/\">Fili\u00e8re bovine : envol\u00e9e des prix de la viande de boeuf malgr\u00e9 sa disponibilit\u00e9<\/a><\/strong><\/p>\n<p>L\u2019enveloppe d\u00e9gag\u00e9e par le Feicom rel\u00e8ve d\u2019une promesse de son directeur g\u00e9n\u00e9ral, qui a pris part le mercredi 23 f\u00e9vrier 2022, \u00e0 la signature d\u2019une s\u00e9rie de conventions entre le minist\u00e8re de l\u2019\u00e9levage, de la p\u00eache, et des industries animales et les partenaires de mise en \u0153uvre des activit\u00e9s du Projet de D\u00e9veloppement des Cha\u00eenes de Valeurs de l\u2019Elevage et de la Pisciculture (Pdcvepv). Ce projet s\u2019inscrit dans l\u2019impl\u00e9mentation de la politique gouvernementale en mati\u00e8re de s\u00e9curit\u00e9 alimentaire.<\/p>\n<p><strong>Lire aussi<\/strong> : <strong><a href=\"https:\/\/ecomatin.net\/elevage-le-pdcvep-veut-construire-un-abattoir-a-douala\/\">Le Projet de d\u00e9veloppement des chaines de valeur de l\u2019\u00e9levage et de la pisciculture veut construire un abattoir \u00e0 Douala<\/a><\/strong><\/p>\n<p>A l\u2019occasion huit contrats d\u2019assistance et conventions de partenariat ont \u00e9t\u00e9 sign\u00e9s. Un avec le Bureau international du Travail (BIT), et deux avec l\u2019Organisation des Nations unies pour l\u2019alimentation et l\u2019agriculture (FAO). Le Coordonnateur National du Pdcvep, Dr Aboubakar Njoya, a \u00e9galement sign\u00e9 cinq autres conventions avec l\u2019Agence des Normes et de la Qualit\u00e9 (Anor), la Caisse nationale de pr\u00e9voyance sociale (Cnps), L\u2019Institut de Recherche Agricole pour le D\u00e9veloppement (Irad), la Soci\u00e9t\u00e9 de D\u00e9veloppement et d\u2019Exploitation des Productions Animales (Sodepa). Ces institutions internationales et nationales partenaires vont accompagner le Pdcvep dans la mise en \u0153uvre des activit\u00e9s du projet.<\/p>\n<p><strong>Lire aussi<\/strong> : <strong><a href=\"https:\/\/ecomatin.net\/la-bad-octroie-55-milliardss-de-f-aux-filieress-piscicole-bovine-et-porcine\/\">La BAD octroie 55 milliards de F aux fili\u00e8res piscicole, bovine et porcine<\/a><\/strong><\/p>\n<p>Cofinanc\u00e9 par l\u2019Etat du Cameroun et la Banque Africaine de D\u00e9veloppement (BAD), le Pdcvep vise au cours des cinq prochaines ann\u00e9es, l\u2019accroissement comp\u00e9titif et hygi\u00e9nique des produits bovins, porcins et piscicoles et l\u2019am\u00e9lioration des revenus des acteurs ainsi que la cr\u00e9ation de nouveaux emplois dans les trois cha\u00eenes de valeur que sont la fili\u00e8re bovine, la fili\u00e8re porcine et la fili\u00e8re piscicole.<\/p>\n<p>L\u2019article <a rel=\"nofollow\" href=\"https:\/\/ecomatin.net\/le-feicom-debloque-65-millions-de-f-pour-r-le-developpement-de-lelevage-et-de-la-peche-dans-les-communes\/\">Le Feicom d\u00e9bloque 65 millions de F pour le d\u00e9veloppement de l\u2019\u00e9levage et de la p\u00eache dans les communes<\/a> est apparu en premier sur <a rel=\"nofollow\" href=\"https:\/\/ecomatin.net\/\">EcoMatin<\/a>.<\/p>\n<\/div>\n<p>Auteur: Yannick KENNE<br \/>\n<a href=\"https:\/\/ecomatin.net\/le-feicom-debloque-65-millions-de-f-pour-r-le-developpement-de-lelevage-et-de-la-peche-dans-les-communes\/\">Cliquez ici pour lire l&rsquo;article depuis sa source.<\/a><\/p>\n","protected":false},"excerpt":{"rendered":"<p>Le Fonds Sp\u00e9cial d\u2019Equipement et d\u2019Intervention intercommunal (Feicom) a d\u00e9cid\u00e9 d\u2019accorder un appui financier de 65 millions de FCFA aux communes, \u00e0 travers \u00ab la mise en place et la gestion des infrastructures pour la commercialisation de la viande et du poisson\u00bb, renseigne le directeur g\u00e9n\u00e9ral du Feicom, Philippe Camille Akoa sur son compte Facebook. [&hellip;]<\/p>\n","protected":false},"author":1969,"featured_media":0,"comment_status":"closed","ping_status":"closed","sticky":false,"template":"","format":"standard","meta":{"fifu_image_url":"","fifu_image_alt":"","footnotes":""},"categories":[82,78],"tags":[],"class_list":["post-141968","post","type-post","status-publish","format-standard","hentry","category-cameroun","category-economie"],"_links":{"self":[{"href":"https:\/\/linitiative.ca\/International\/wp-json\/wp\/v2\/posts\/141968","targetHints":{"allow":["GET"]}}],"collection":[{"href":"https:\/\/linitiative.ca\/International\/wp-json\/wp\/v2\/posts"}],"about":[{"href":"https:\/\/linitiative.ca\/International\/wp-json\/wp\/v2\/types\/post"}],"author":[{"embeddable":true,"href":"https:\/\/linitiative.ca\/International\/wp-json\/wp\/v2\/users\/1969"}],"replies":[{"embeddable":true,"href":"https:\/\/linitiative.ca\/International\/wp-json\/wp\/v2\/comments?post=141968"}],"version-history":[{"count":0,"href":"https:\/\/linitiative.ca\/International\/wp-json\/wp\/v2\/posts\/141968\/revisions"}],"wp:attachment":[{"href":"https:\/\/linitiative.ca\/International\/wp-json\/wp\/v2\/media?parent=141968"}],"wp:term":[{"taxonomy":"category","embeddable":true,"href":"https:\/\/linitiative.ca\/International\/wp-json\/wp\/v2\/categories?post=141968"},{"taxonomy":"post_tag","embeddable":true,"href":"https:\/\/linitiative.ca\/International\/wp-json\/wp\/v2\/tags?post=141968"}],"curies":[{"name":"wp","href":"https:\/\/api.w.org\/{rel}","templated":true}]}}