{"id":141974,"date":"2022-03-01T09:06:37","date_gmt":"2022-03-01T14:06:37","guid":{"rendered":"https:\/\/linitiative.ca\/International\/crise-ukrainienne-plus-de-2-000-marocains-ont-deja-quitte-lukraine\/"},"modified":"2022-03-01T09:06:37","modified_gmt":"2022-03-01T14:06:37","slug":"crise-ukrainienne-plus-de-2-000-marocains-ont-deja-quitte-lukraine","status":"publish","type":"post","link":"https:\/\/linitiative.ca\/International\/crise-ukrainienne-plus-de-2-000-marocains-ont-deja-quitte-lukraine\/","title":{"rendered":"Crise ukrainienne : Plus de 2.000 Marocains ont d\u00e9j\u00e0 quitt\u00e9 l\u2019Ukraine"},"content":{"rendered":"<div>\n<p><img loading=\"lazy\" decoding=\"async\" width=\"300\" height=\"153\" src=\"https:\/\/linitiative.ca\/International\/wp-content\/uploads\/sites\/23\/2022\/03\/Crise-ukrainienne-Plus-de-2.000-Marocains-ont-deja-quitte-lUkraine-300x153-1.jpg\" class=\"attachment-medium size-medium wp-post-image\" alt=\"\" srcset=\"https:\/\/linitiative.ca\/International\/wp-content\/uploads\/sites\/23\/2022\/03\/Crise-ukrainienne-Plus-de-2.000-Marocains-ont-deja-quitte-lUkraine-300x153-1.jpg 300w, https:\/\/aujourdhui.ma\/wp-content\/uploads\/2022\/03\/Crise-ukrainienne-Plus-de-2.000-Marocains-ont-deja-quitte-lUkraine-274x140.jpg 274w, https:\/\/aujourdhui.ma\/wp-content\/uploads\/2022\/03\/Crise-ukrainienne-Plus-de-2.000-Marocains-ont-deja-quitte-lUkraine-746x380.jpg 746w, https:\/\/aujourdhui.ma\/wp-content\/uploads\/2022\/03\/Crise-ukrainienne-Plus-de-2.000-Marocains-ont-deja-quitte-lUkraine-165x84.jpg 165w, https:\/\/aujourdhui.ma\/wp-content\/uploads\/2022\/03\/Crise-ukrainienne-Plus-de-2.000-Marocains-ont-deja-quitte-lUkraine-702x358.jpg 702w, https:\/\/aujourdhui.ma\/wp-content\/uploads\/2022\/03\/Crise-ukrainienne-Plus-de-2.000-Marocains-ont-deja-quitte-lUkraine.jpg 747w\" sizes=\"auto, (max-width: 300px) 100vw, 300px\"><\/p>\n<p><strong>Le nombre des Marocains, qui ont quitt\u00e9 l\u2019Ukraine via les postes fronti\u00e8res, s\u2019est \u00e9lev\u00e9 mardi \u00e0 13h00, \u00e0 2.030 personnes, apprend-on aupr\u00e8s du Minist\u00e8re des Affaires \u00e9trang\u00e8res, de la Coop\u00e9ration africaine et des Marocains r\u00e9sidant \u00e0 l\u2019\u00e9tranger.<\/strong><span id=\"more-401173\"><\/span><\/p>\n<p>Appel\u00e9 \u00e0 \u00e9voluer, ce nombre est r\u00e9parti entre la Pologne (835 personnes), la Roumanie (549 personnes), la Hongrie (346 personnes) et la Slovaquie (300 personnes), pr\u00e9cise-t-on de m\u00eame source.<\/p>\n<p>Le minist\u00e8re des Affaires \u00e9trang\u00e8res, de la Coop\u00e9ration africaine et des Marocains r\u00e9sidant \u00e0 l\u2019\u00e9tranger a d\u00e9p\u00each\u00e9 une vingtaine de fonctionnaires consulaires, dont quatre anciens consuls g\u00e9n\u00e9raux, pour assister et aider les \u00e9quipes des ambassades marocaines d\u00e9j\u00e0 sur le terrain, \u00e0 accueillir et fournir l\u2019aide n\u00e9cessaire aux Marocains dans les quatre pays limitrophes de l\u2019Ukraine.<\/p>\n<p>\u00a0<\/p>\n<p>\u00a0<\/p>\n<\/div>\n<p>Auteur: ALM<br \/>\n<a href=\"https:\/\/aujourdhui.ma\/actualite\/crise-ukrainienne-plus-de-2-000-marocains-ont-deja-quitte-lukraine\">Cliquez ici pour lire l&rsquo;article depuis sa source.<\/a><\/p>\n","protected":false},"excerpt":{"rendered":"<p>Le nombre des Marocains, qui ont quitt\u00e9 l\u2019Ukraine via les postes fronti\u00e8res, s\u2019est \u00e9lev\u00e9 mardi \u00e0 13h00, \u00e0 2.030 personnes, apprend-on aupr\u00e8s du Minist\u00e8re des Affaires \u00e9trang\u00e8res, de la Coop\u00e9ration africaine et des Marocains r\u00e9sidant \u00e0 l\u2019\u00e9tranger. Appel\u00e9 \u00e0 \u00e9voluer, ce nombre est r\u00e9parti entre la Pologne (835 personnes), la Roumanie (549 personnes), la Hongrie [&hellip;]<\/p>\n","protected":false},"author":1759,"featured_media":0,"comment_status":"closed","ping_status":"closed","sticky":false,"template":"","format":"standard","meta":{"fifu_image_url":"https:\/\/aujourdhui.ma\/wp-content\/uploads\/2022\/03\/Crise-ukrainienne-Plus-de-2.000-Marocains-ont-deja-quitte-lUkraine-300x153.jpg","fifu_image_alt":"Crise ukrainienne : Plus de 2.000 Marocains ont d\u00e9j\u00e0 quitt\u00e9 l\u2019Ukraine","footnotes":""},"categories":[73,54],"tags":[],"class_list":["post-141974","post","type-post","status-publish","format-standard","hentry","category-actualite","category-maroc"],"_links":{"self":[{"href":"https:\/\/linitiative.ca\/International\/wp-json\/wp\/v2\/posts\/141974","targetHints":{"allow":["GET"]}}],"collection":[{"href":"https:\/\/linitiative.ca\/International\/wp-json\/wp\/v2\/posts"}],"about":[{"href":"https:\/\/linitiative.ca\/International\/wp-json\/wp\/v2\/types\/post"}],"author":[{"embeddable":true,"href":"https:\/\/linitiative.ca\/International\/wp-json\/wp\/v2\/users\/1759"}],"replies":[{"embeddable":true,"href":"https:\/\/linitiative.ca\/International\/wp-json\/wp\/v2\/comments?post=141974"}],"version-history":[{"count":0,"href":"https:\/\/linitiative.ca\/International\/wp-json\/wp\/v2\/posts\/141974\/revisions"}],"wp:attachment":[{"href":"https:\/\/linitiative.ca\/International\/wp-json\/wp\/v2\/media?parent=141974"}],"wp:term":[{"taxonomy":"category","embeddable":true,"href":"https:\/\/linitiative.ca\/International\/wp-json\/wp\/v2\/categories?post=141974"},{"taxonomy":"post_tag","embeddable":true,"href":"https:\/\/linitiative.ca\/International\/wp-json\/wp\/v2\/tags?post=141974"}],"curies":[{"name":"wp","href":"https:\/\/api.w.org\/{rel}","templated":true}]}}