{"id":141976,"date":"2022-03-01T09:10:43","date_gmt":"2022-03-01T14:10:43","guid":{"rendered":"https:\/\/linitiative.ca\/International\/le-ministere-de-la-sante-la-confirme-dans-son-point-bimensuel-fin-de-la-vague-omicron\/"},"modified":"2022-03-01T09:10:43","modified_gmt":"2022-03-01T14:10:43","slug":"le-ministere-de-la-sante-la-confirme-dans-son-point-bimensuel-fin-de-la-vague-omicron","status":"publish","type":"post","link":"https:\/\/linitiative.ca\/International\/le-ministere-de-la-sante-la-confirme-dans-son-point-bimensuel-fin-de-la-vague-omicron\/","title":{"rendered":"Le minist\u00e8re de la sant\u00e9 l\u2019a confirm\u00e9 dans son point bimensuel: Fin de la vague Omicron"},"content":{"rendered":"<div>\n<p><img loading=\"lazy\" decoding=\"async\" width=\"300\" height=\"153\" src=\"https:\/\/linitiative.ca\/International\/wp-content\/uploads\/sites\/23\/2022\/03\/Mouad-Mrabet-300x153-1.jpg\" class=\"attachment-medium size-medium wp-post-image\" alt=\"\" srcset=\"https:\/\/linitiative.ca\/International\/wp-content\/uploads\/sites\/23\/2022\/03\/Mouad-Mrabet-300x153-1.jpg 300w, https:\/\/aujourdhui.ma\/wp-content\/uploads\/2022\/03\/Mouad-Mrabet-274x140.jpg 274w, https:\/\/aujourdhui.ma\/wp-content\/uploads\/2022\/03\/Mouad-Mrabet.jpg 746w, https:\/\/aujourdhui.ma\/wp-content\/uploads\/2022\/03\/Mouad-Mrabet-165x84.jpg 165w, https:\/\/aujourdhui.ma\/wp-content\/uploads\/2022\/03\/Mouad-Mrabet-702x358.jpg 702w\" sizes=\"auto, (max-width: 300px) 100vw, 300px\"><\/p>\n<p><span style=\"color: #800000;\"><strong>Il semblerait que la vague Omicron est derri\u00e8re nous. \u00abApr\u00e8s deux semaines o\u00f9 le SARS- CoV \u00e9tait au niveau vert, la vague Omicron se termine laissant place \u00e0 l\u2019apr\u00e8s-vague\u00bb, affirme Mouad Mrabet, coordonnateur du Centre national des op\u00e9rations d\u2019urgence de sant\u00e9 publique du minist\u00e8re de la sant\u00e9 ce mardi lors du bilan bimensuel sur la situation \u00e9pid\u00e9miologique.<\/strong><\/span><span id=\"more-401172\"><\/span><\/p>\n<p>Au total, la vague Omicron a dur\u00e9 11 semaines atteignant son pic du 17 au 23 janvier 2022. Il en ressort que la vague Omicron a \u00e9t\u00e9 moins virulente que celle du variant Delta. La derni\u00e8re semaine (du 20 au 27 f\u00e9vrier 2022) s\u2019est caract\u00e9ris\u00e9e par la baisse rapide des nouvelles contaminations, et ce pour la cinqui\u00e8me semaine cons\u00e9cutive. Cette tendance baissi\u00e8re s\u2019est fait \u00e9galement remarquer au niveau des cas positifs passant de 24,4% pendant la semaine de pic \u00e0 1,9% au cours de la semaine derni\u00e8re. Dans le m\u00eame sens, le taux de reproduction s\u2019\u00e9tablit \u00e0 0,79%. Pendant la derni\u00e8re semaine, le nombre de cas critiques est en recul de 40%. On compte \u00e0 cette m\u00eame date 133 cas en r\u00e9animation alors que 171 patients ont quitt\u00e9 l\u2019h\u00f4pital apr\u00e8s l\u2019am\u00e9lioration de leur cas. Par ailleurs, 84 personnes sont d\u00e9c\u00e9d\u00e9es \u00e0 cause de cette pand\u00e9mie durant cette p\u00e9riode, soit en r\u00e9gression de 26% par rapport \u00e0 la semaine qui la pr\u00e9c\u00e8de. Selon la m\u00eame source, l\u2019am\u00e9lioration de l\u2019ensemble de ces indicateurs est attribu\u00e9 essentiellement \u00e0 la dynamique de vaccination puisque plus de 67,50% des citoyens ont pris leur premi\u00e8re dose. N\u00e9anmoins, 74% des citoyens concern\u00e9s par la troisi\u00e8me dose manquent \u00e0 l\u2019appel.<\/p>\n<\/div>\n<p>Auteur: ALM<br \/>\n<a href=\"https:\/\/aujourdhui.ma\/societe\/le-ministere-de-la-sante-la-confirme-dans-son-point-bimensuel-fin-de-la-vague-omicron\">Cliquez ici pour lire l&rsquo;article depuis sa source.<\/a><\/p>\n","protected":false},"excerpt":{"rendered":"<p>Il semblerait que la vague Omicron est derri\u00e8re nous. \u00abApr\u00e8s deux semaines o\u00f9 le SARS- CoV \u00e9tait au niveau vert, la vague Omicron se termine laissant place \u00e0 l\u2019apr\u00e8s-vague\u00bb, affirme Mouad Mrabet, coordonnateur du Centre national des op\u00e9rations d\u2019urgence de sant\u00e9 publique du minist\u00e8re de la sant\u00e9 ce mardi lors du bilan bimensuel sur la [&hellip;]<\/p>\n","protected":false},"author":1759,"featured_media":0,"comment_status":"closed","ping_status":"closed","sticky":false,"template":"","format":"standard","meta":{"fifu_image_url":"https:\/\/aujourdhui.ma\/wp-content\/uploads\/2022\/03\/Mouad-Mrabet-300x153.jpg","fifu_image_alt":"Le minist\u00e8re de la sant\u00e9 l\u2019a confirm\u00e9 dans son point bimensuel: Fin de la vague Omicron","footnotes":""},"categories":[73,54],"tags":[],"class_list":["post-141976","post","type-post","status-publish","format-standard","hentry","category-actualite","category-maroc"],"_links":{"self":[{"href":"https:\/\/linitiative.ca\/International\/wp-json\/wp\/v2\/posts\/141976","targetHints":{"allow":["GET"]}}],"collection":[{"href":"https:\/\/linitiative.ca\/International\/wp-json\/wp\/v2\/posts"}],"about":[{"href":"https:\/\/linitiative.ca\/International\/wp-json\/wp\/v2\/types\/post"}],"author":[{"embeddable":true,"href":"https:\/\/linitiative.ca\/International\/wp-json\/wp\/v2\/users\/1759"}],"replies":[{"embeddable":true,"href":"https:\/\/linitiative.ca\/International\/wp-json\/wp\/v2\/comments?post=141976"}],"version-history":[{"count":0,"href":"https:\/\/linitiative.ca\/International\/wp-json\/wp\/v2\/posts\/141976\/revisions"}],"wp:attachment":[{"href":"https:\/\/linitiative.ca\/International\/wp-json\/wp\/v2\/media?parent=141976"}],"wp:term":[{"taxonomy":"category","embeddable":true,"href":"https:\/\/linitiative.ca\/International\/wp-json\/wp\/v2\/categories?post=141976"},{"taxonomy":"post_tag","embeddable":true,"href":"https:\/\/linitiative.ca\/International\/wp-json\/wp\/v2\/tags?post=141976"}],"curies":[{"name":"wp","href":"https:\/\/api.w.org\/{rel}","templated":true}]}}