{"id":141988,"date":"2022-02-28T13:00:00","date_gmt":"2022-02-28T18:00:00","guid":{"rendered":"https:\/\/linitiative.ca\/International\/ouahbi-conduit-la-delegation-marocaine-au-segment-de-haut-niveau\/"},"modified":"2022-02-28T13:00:00","modified_gmt":"2022-02-28T18:00:00","slug":"ouahbi-conduit-la-delegation-marocaine-au-segment-de-haut-niveau","status":"publish","type":"post","link":"https:\/\/linitiative.ca\/International\/ouahbi-conduit-la-delegation-marocaine-au-segment-de-haut-niveau\/","title":{"rendered":"Ouahbi conduit la d\u00e9l\u00e9gation marocaine au segment de haut niveau"},"content":{"rendered":"<div>\n<p class=\"has-text-align-center has-vivid-cyan-blue-color has-text-color\"><strong>49<sup>e<\/sup> session du Conseil des droits de l\u2019Homme<\/strong><\/p>\n<p class=\"has-black-color has-text-color\"><strong>Les travaux de la r\u00e9union du segment de haut niveau de la 49\u00e8me session ordinaire du Conseil des droits de l\u2019homme (CDH) ont d\u00e9marr\u00e9, lundi \u00e0 Gen\u00e8ve, avec la participation d\u2019une d\u00e9l\u00e9gation marocaine conduite par le ministre de la Justice, Abdellatif Ouahbi.<\/strong><\/p>\n<p class=\"has-black-color has-text-color\">La d\u00e9l\u00e9gation marocaine \u00e0 ce segment de haut niveau, qui se poursuivra jusqu\u2019\u00e0 mercredi, comprend \u00e9galement l\u2019ambassadeur repr\u00e9sentant permanent du Maroc \u00e0 Gen\u00e8ve, Omar Zniber, le gouverneur, directeur des Libert\u00e9s et de la Soci\u00e9t\u00e9 civile au minist\u00e8re de l\u2019Int\u00e9rieur, Mohamed Ouzgane, le Secr\u00e9taire g\u00e9n\u00e9ral de la d\u00e9l\u00e9gation interminist\u00e9rielle des droits de l\u2019homme, Abdelkarim Boujradi et le directeur des affaires p\u00e9nales et des gr\u00e2ces au minist\u00e8re de la justice, Hicham Melati.<\/p>\n<p class=\"has-black-color has-text-color\">La session s\u2019est ouverte, sous la pr\u00e9sidence de Federico Villegas, repr\u00e9sentant permanent de l\u2019Argentine aupr\u00e8s de l\u2019Office des Nations Unies \u00e0 Gen\u00e8ve. Elle a \u00e9t\u00e9 marqu\u00e9e par des allocutions prononc\u00e9es par le Secr\u00e9taire g\u00e9n\u00e9ral des Nations Unies, Ant\u00f3nio Guterres, le pr\u00e9sident de l\u2019Assembl\u00e9e g\u00e9n\u00e9rale des Nations Unies, Abdulla Shahid, la Haute-Commissaire des Nations Unies aux droits de l\u2019homme, Michelle Bachelet, ainsi que le pr\u00e9sident de la Conf\u00e9d\u00e9ration suisse, Ignazio Cassis.<\/p>\n<p class=\"has-black-color has-text-color\">En raison des restrictions impos\u00e9es par la Covid-19 lors de cette session, les d\u00e9bats se d\u00e9rouleront dans un format hybride, combinant participation en personne et virtuelle.<br \/>Durant cinq semaines de session, le Conseil examinera plus d\u2019une centaine de rapports pr\u00e9sent\u00e9s par des experts des droits de l\u2019homme et autres organes d\u2019enqu\u00eate concernant de nombreux th\u00e8mes et int\u00e9ressant la situation des droits de l\u2019homme dans pr\u00e8s de cinquante pays. Au total, le Conseil tiendra plus d\u2019une trentaine de d\u00e9bats interactifs avec des titulaires de mandats.<\/p>\n<p>L\u2019article <a rel=\"nofollow\" href=\"http:\/\/albayane.press.ma\/ouahbi-conduit-la-delegation-marocaine-au-segment-de-haut-niveau.html\">Ouahbi conduit la d\u00e9l\u00e9gation marocaine au segment de haut niveau<\/a> est apparu en premier sur <a rel=\"nofollow\" href=\"http:\/\/albayane.press.ma\/\">ALBAYANE<\/a>.<\/p>\n<\/div>\n<p>Auteur: M&rsquo;hammed rahal<br \/>\n<a href=\"http:\/\/albayane.press.ma\/ouahbi-conduit-la-delegation-marocaine-au-segment-de-haut-niveau.html\">Cliquez ici pour lire l&rsquo;article depuis sa source.<\/a><\/p>\n","protected":false},"excerpt":{"rendered":"<p>49e session du Conseil des droits de l\u2019Homme Les travaux de la r\u00e9union du segment de haut niveau de la 49\u00e8me session ordinaire du Conseil des droits de l\u2019homme (CDH) ont d\u00e9marr\u00e9, lundi \u00e0 Gen\u00e8ve, avec la participation d\u2019une d\u00e9l\u00e9gation marocaine conduite par le ministre de la Justice, Abdellatif Ouahbi. La d\u00e9l\u00e9gation marocaine \u00e0 ce [&hellip;]<\/p>\n","protected":false},"author":1760,"featured_media":0,"comment_status":"closed","ping_status":"closed","sticky":false,"template":"","format":"standard","meta":{"fifu_image_url":"","fifu_image_alt":"","footnotes":""},"categories":[73,54],"tags":[],"class_list":["post-141988","post","type-post","status-publish","format-standard","hentry","category-actualite","category-maroc"],"_links":{"self":[{"href":"https:\/\/linitiative.ca\/International\/wp-json\/wp\/v2\/posts\/141988","targetHints":{"allow":["GET"]}}],"collection":[{"href":"https:\/\/linitiative.ca\/International\/wp-json\/wp\/v2\/posts"}],"about":[{"href":"https:\/\/linitiative.ca\/International\/wp-json\/wp\/v2\/types\/post"}],"author":[{"embeddable":true,"href":"https:\/\/linitiative.ca\/International\/wp-json\/wp\/v2\/users\/1760"}],"replies":[{"embeddable":true,"href":"https:\/\/linitiative.ca\/International\/wp-json\/wp\/v2\/comments?post=141988"}],"version-history":[{"count":0,"href":"https:\/\/linitiative.ca\/International\/wp-json\/wp\/v2\/posts\/141988\/revisions"}],"wp:attachment":[{"href":"https:\/\/linitiative.ca\/International\/wp-json\/wp\/v2\/media?parent=141988"}],"wp:term":[{"taxonomy":"category","embeddable":true,"href":"https:\/\/linitiative.ca\/International\/wp-json\/wp\/v2\/categories?post=141988"},{"taxonomy":"post_tag","embeddable":true,"href":"https:\/\/linitiative.ca\/International\/wp-json\/wp\/v2\/tags?post=141988"}],"curies":[{"name":"wp","href":"https:\/\/api.w.org\/{rel}","templated":true}]}}