{"id":141989,"date":"2022-02-28T13:00:00","date_gmt":"2022-02-28T18:00:00","guid":{"rendered":"https:\/\/linitiative.ca\/International\/cooperation-interarabe-face-aux-defis-securitaire-mondiaux\/"},"modified":"2022-02-28T13:00:00","modified_gmt":"2022-02-28T18:00:00","slug":"cooperation-interarabe-face-aux-defis-securitaire-mondiaux","status":"publish","type":"post","link":"https:\/\/linitiative.ca\/International\/cooperation-interarabe-face-aux-defis-securitaire-mondiaux\/","title":{"rendered":"Coop\u00e9ration interarabe face aux d\u00e9fis s\u00e9curitaire mondiaux"},"content":{"rendered":"<div>\n<p class=\"has-text-align-center has-vivid-red-color has-text-color\"><strong>39\u00e8 conseil des ministres arabes de l\u2019Int\u00e9rieur \u00e0 Tunis<\/strong><\/p>\n<p class=\"has-black-color has-text-color\"><strong>La 39\u00e8 session du conseil des ministres arabes de l\u2019Int\u00e9rieur se tiendra mercredi prochain \u00e0 Tunis. Selon le secr\u00e9tariat g\u00e9n\u00e9ral du conseil des ministres arabes de l\u2019Int\u00e9rieur, cette r\u00e9union, qui se tiendra en pr\u00e9sence des d\u00e9l\u00e9gations repr\u00e9sentant notamment la Ligue arabe, l\u2019Interpol, l\u2019Union du Maghreb arabe et l\u2019Union europ\u00e9enne, examinera plusieurs questions li\u00e9es \u00e0 la coop\u00e9ration s\u00e9curitaire interarabe face aux d\u00e9fis s\u00e9curitaires.<\/strong><\/p>\n<p class=\"has-black-color has-text-color\">Lors de cette session \u00e0 laquelle prendront part \u00e9galement des repr\u00e9sentants du bureau de la lutte contre le terrorisme des Nations unies, de l\u2019universit\u00e9 arabe Nayef des sciences s\u00e9curitaires et de l\u2019Union sportive arabe de la police, les ministres arabes auront \u00e0 se pencher sur les rapports relatifs aux actions du Secr\u00e9tariat g\u00e9n\u00e9ral et de l\u2019Universit\u00e9 arabe Na\u00eff pour les sciences s\u00e9curitaire.<\/p>\n<p class=\"has-black-color has-text-color\">Parmi les sujets \u00e0 l\u2019ordre du jour de la session figurent aussi le projet du dixi\u00e8me phase du plan relatif \u00e0 la strat\u00e9gie arabe de lutte contre l\u2019usage illicite de stup\u00e9fiants et de substances psychotropes, le projet du sixi\u00e8me phase du plan relatif \u00e0 la strat\u00e9gie arabe de protection civile, en plus du projet du neuvi\u00e8me phase de la strat\u00e9gie arabe de lutte contre le terrorisme.<\/p>\n<p class=\"has-black-color has-text-color\">La session discutera \u00e9galement des recommandations \u00e9mises par les conf\u00e9rences et r\u00e9unions organis\u00e9es par le secr\u00e9tariat g\u00e9n\u00e9ral du conseil et des r\u00e9sultats des r\u00e9unions conjointes avec les organismes arabes et internationaux au cours de 2021.<\/p>\n<p class=\"has-black-color has-text-color\">Les ministres arabes se pencheront de m\u00eame sur l\u2019examen de la question de cr\u00e9ation d\u2019un bureau arabe en charge de s\u00e9curit\u00e9 cybern\u00e9tique et de lutte contre les crimes informatiques, ainsi que le lancement site-web des instances en charge des droits de l\u2019Homme aux minist\u00e8res arabes de l\u2019Int\u00e9rieur.<\/p>\n<p class=\"has-black-color has-text-color\">Cette session sera sanctionn\u00e9e par plusieurs d\u00e9cisions et recommandations de nature \u00e0 contribuer \u00e0 l\u2019unification des visions arabes concernant les diff\u00e9rentes questions s\u00e9curitaires.<\/p>\n<p class=\"has-black-color has-text-color\">Le conseil des ministres arabes de l\u2019int\u00e9rieur a pour mission de d\u00e9velopper et consolider la coop\u00e9ration et la conjugaison des efforts entre les pays arabes en mati\u00e8re de s\u00e9curit\u00e9 int\u00e9rieure et de lutte contre la criminalit\u00e9.<\/p>\n<p>L\u2019article <a rel=\"nofollow\" href=\"http:\/\/albayane.press.ma\/cooperation-interarabe-face-aux-defis-securitaire-mondiaux.html\">Coop\u00e9ration interarabe face aux d\u00e9fis s\u00e9curitaire mondiaux<\/a> est apparu en premier sur <a rel=\"nofollow\" href=\"http:\/\/albayane.press.ma\/\">ALBAYANE<\/a>.<\/p>\n<\/div>\n<p>Auteur: M&rsquo;hammed rahal<br \/>\n<a href=\"http:\/\/albayane.press.ma\/cooperation-interarabe-face-aux-defis-securitaire-mondiaux.html\">Cliquez ici pour lire l&rsquo;article depuis sa source.<\/a><\/p>\n","protected":false},"excerpt":{"rendered":"<p>39\u00e8 conseil des ministres arabes de l\u2019Int\u00e9rieur \u00e0 Tunis La 39\u00e8 session du conseil des ministres arabes de l\u2019Int\u00e9rieur se tiendra mercredi prochain \u00e0 Tunis. Selon le secr\u00e9tariat g\u00e9n\u00e9ral du conseil des ministres arabes de l\u2019Int\u00e9rieur, cette r\u00e9union, qui se tiendra en pr\u00e9sence des d\u00e9l\u00e9gations repr\u00e9sentant notamment la Ligue arabe, l\u2019Interpol, l\u2019Union du Maghreb arabe [&hellip;]<\/p>\n","protected":false},"author":1760,"featured_media":0,"comment_status":"closed","ping_status":"closed","sticky":false,"template":"","format":"standard","meta":{"fifu_image_url":"","fifu_image_alt":"","footnotes":""},"categories":[73,54],"tags":[],"class_list":["post-141989","post","type-post","status-publish","format-standard","hentry","category-actualite","category-maroc"],"_links":{"self":[{"href":"https:\/\/linitiative.ca\/International\/wp-json\/wp\/v2\/posts\/141989","targetHints":{"allow":["GET"]}}],"collection":[{"href":"https:\/\/linitiative.ca\/International\/wp-json\/wp\/v2\/posts"}],"about":[{"href":"https:\/\/linitiative.ca\/International\/wp-json\/wp\/v2\/types\/post"}],"author":[{"embeddable":true,"href":"https:\/\/linitiative.ca\/International\/wp-json\/wp\/v2\/users\/1760"}],"replies":[{"embeddable":true,"href":"https:\/\/linitiative.ca\/International\/wp-json\/wp\/v2\/comments?post=141989"}],"version-history":[{"count":0,"href":"https:\/\/linitiative.ca\/International\/wp-json\/wp\/v2\/posts\/141989\/revisions"}],"wp:attachment":[{"href":"https:\/\/linitiative.ca\/International\/wp-json\/wp\/v2\/media?parent=141989"}],"wp:term":[{"taxonomy":"category","embeddable":true,"href":"https:\/\/linitiative.ca\/International\/wp-json\/wp\/v2\/categories?post=141989"},{"taxonomy":"post_tag","embeddable":true,"href":"https:\/\/linitiative.ca\/International\/wp-json\/wp\/v2\/tags?post=141989"}],"curies":[{"name":"wp","href":"https:\/\/api.w.org\/{rel}","templated":true}]}}