{"id":141990,"date":"2022-02-28T13:00:00","date_gmt":"2022-02-28T18:00:00","guid":{"rendered":"https:\/\/linitiative.ca\/International\/les-exigences-de-la-proximite\/"},"modified":"2022-02-28T13:00:00","modified_gmt":"2022-02-28T18:00:00","slug":"les-exigences-de-la-proximite","status":"publish","type":"post","link":"https:\/\/linitiative.ca\/International\/les-exigences-de-la-proximite\/","title":{"rendered":"Les exigences de la proximit\u00e9"},"content":{"rendered":"<div>\n<p class=\"has-black-color has-text-color\"><strong>L\u2019acception de la proximit\u00e9 entre urbain et rural est incontournable. Le maillage entre les divers acteurs dans le milieu rural au sein duquel, les carences et les contraintes sont multiples \u00e0 plus d\u2019un titre, est \u00e9galement indispensable. Il importe de coordonner les efforts de toutes les comp\u00e9tences en pr\u00e9sence afin d\u2019assurer commun\u00e9ment les conditions d\u2019un d\u00e9veloppement compl\u00e9mentaire, \u00e0 travers la planification des projets sectoriels strat\u00e9giques en favorisant un dialogue constructif qui marque le fondement d\u00e9mocratique, \u00e9tant le socle essentiel de toute expansion. En fait, la synergie requise s\u2019illustre \u00e0 travers, une r\u00e9elle volont\u00e9 de faire pr\u00e9valoir les points forts et raffermir les liens communs pour mettre en \u0153uvre une feuille de route \u00e0 m\u00eame d\u2019absorber les d\u00e9ficits r\u00e9gnant au sein d\u2019une large population d\u00e9sh\u00e9rit\u00e9e. De m\u00eame, il est bien \u00e9vident que les attentes des populations du monde rural sont multiples et diverses, en particulier la raret\u00e9 des moyens et la faiblesse des budgets des communes. Cette situation critique n\u00e9cessite, de ce fait, l\u2019\u00e9laboration d\u2019un plan de d\u00e9veloppement d\u00e9terminant les perspectives de la communaut\u00e9 locale, par le truchement des strat\u00e9gies innovantes et des \u00e9ch\u00e9anciers d\u00e9finis et des m\u00e9canismes concordants et \u00e9valuatifs, en fonction des sp\u00e9cificit\u00e9s. Compte tenu des effets n\u00e9gatifs des pr\u00e9cipitations qui occasionnent d\u2019importants d\u00e9g\u00e2ts dans plusieurs communes d\u00e9favoris\u00e9es, il est imp\u00e9ratif de mobiliser tous les intervenants \u00e0 se comporter de la m\u00eame mani\u00e8re afin d\u2019anticiper et endiguer d\u2019\u00e9ventuelles intemp\u00e9ries d\u00e9vastatrices. Enfin, l\u2019\u00e9ducation est l\u2019affaire de tous, car elle concerne aussi bien les responsables des autres services, que les parents et la soci\u00e9t\u00e9 civile. Le ph\u00e9nom\u00e8ne du d\u00e9crochage scolaire provient \u00e9galement du fait que les parents, pour des raisons d\u2019ordre culturel, emp\u00eachent leur prog\u00e9niture, surtout les filles, d\u2019aller \u00e0 l\u2019\u00e9cole. Il va falloir alors les persuader, par des m\u00e9thodes beaucoup plus p\u00e9dagogiques, empreintes de confiance et d\u2019assurance.<\/strong><\/p>\n<p>L\u2019article <a rel=\"nofollow\" href=\"http:\/\/albayane.press.ma\/les-exigences-de-la-proximite.html\">Les exigences de la proximit\u00e9<\/a> est apparu en premier sur <a rel=\"nofollow\" href=\"http:\/\/albayane.press.ma\/\">ALBAYANE<\/a>.<\/p>\n<\/div>\n<p>Auteur: M&rsquo;hammed rahal<br \/>\n<a href=\"http:\/\/albayane.press.ma\/les-exigences-de-la-proximite.html\">Cliquez ici pour lire l&rsquo;article depuis sa source.<\/a><\/p>\n","protected":false},"excerpt":{"rendered":"<p>L\u2019acception de la proximit\u00e9 entre urbain et rural est incontournable. Le maillage entre les divers acteurs dans le milieu rural au sein duquel, les carences et les contraintes sont multiples \u00e0 plus d\u2019un titre, est \u00e9galement indispensable. Il importe de coordonner les efforts de toutes les comp\u00e9tences en pr\u00e9sence afin d\u2019assurer commun\u00e9ment les conditions d\u2019un [&hellip;]<\/p>\n","protected":false},"author":1760,"featured_media":0,"comment_status":"closed","ping_status":"closed","sticky":false,"template":"","format":"standard","meta":{"fifu_image_url":"","fifu_image_alt":"","footnotes":""},"categories":[73,54],"tags":[],"class_list":["post-141990","post","type-post","status-publish","format-standard","hentry","category-actualite","category-maroc"],"_links":{"self":[{"href":"https:\/\/linitiative.ca\/International\/wp-json\/wp\/v2\/posts\/141990","targetHints":{"allow":["GET"]}}],"collection":[{"href":"https:\/\/linitiative.ca\/International\/wp-json\/wp\/v2\/posts"}],"about":[{"href":"https:\/\/linitiative.ca\/International\/wp-json\/wp\/v2\/types\/post"}],"author":[{"embeddable":true,"href":"https:\/\/linitiative.ca\/International\/wp-json\/wp\/v2\/users\/1760"}],"replies":[{"embeddable":true,"href":"https:\/\/linitiative.ca\/International\/wp-json\/wp\/v2\/comments?post=141990"}],"version-history":[{"count":0,"href":"https:\/\/linitiative.ca\/International\/wp-json\/wp\/v2\/posts\/141990\/revisions"}],"wp:attachment":[{"href":"https:\/\/linitiative.ca\/International\/wp-json\/wp\/v2\/media?parent=141990"}],"wp:term":[{"taxonomy":"category","embeddable":true,"href":"https:\/\/linitiative.ca\/International\/wp-json\/wp\/v2\/categories?post=141990"},{"taxonomy":"post_tag","embeddable":true,"href":"https:\/\/linitiative.ca\/International\/wp-json\/wp\/v2\/tags?post=141990"}],"curies":[{"name":"wp","href":"https:\/\/api.w.org\/{rel}","templated":true}]}}