{"id":141991,"date":"2022-02-28T13:00:00","date_gmt":"2022-02-28T18:00:00","guid":{"rendered":"https:\/\/linitiative.ca\/International\/les-ports-ukrainiens-bloques-le-mais-et-ble-flambent\/"},"modified":"2022-02-28T13:00:00","modified_gmt":"2022-02-28T18:00:00","slug":"les-ports-ukrainiens-bloques-le-mais-et-ble-flambent","status":"publish","type":"post","link":"https:\/\/linitiative.ca\/International\/les-ports-ukrainiens-bloques-le-mais-et-ble-flambent\/","title":{"rendered":"Les ports ukrainiens bloqu\u00e9s, le ma\u00efs et bl\u00e9 flambent"},"content":{"rendered":"<div>\n<p class=\"has-text-align-center has-vivid-cyan-blue-color has-text-color\"><strong>La mer d\u2019Azov toujours ferm\u00e9e \u00e0 la navigation<\/strong><\/p>\n<p class=\"has-black-color has-text-color\"><strong>Les prix du ma\u00efs s\u2019envolaient de nouveau lundi sur le march\u00e9 europ\u00e9en, les op\u00e9rateurs cherchant des solutions de repli alors que les ports ukrainiens sont bloqu\u00e9s et la mer d\u2019Azov toujours ferm\u00e9e \u00e0 la navigation.<\/strong><\/p>\n<p class=\"has-black-color has-text-color\">Vers 12H30, la tonne de ma\u00efs gagnait 31,75 euros \u00e0 321 euros sur l\u2019\u00e9ch\u00e9ance de mars et 15,75 euros, \u00e0 284 euros la tonne, sur celle de juin sur Euronext.<\/p>\n<p class=\"has-black-color has-text-color\">Le bl\u00e9 grimpait aussi mais dans de moindres proportions, gagnant 21,25 euros \u00e0 311,25 euros la tonne sur l\u2019\u00e9ch\u00e9ance de mars.<\/p>\n<p class=\"has-black-color has-text-color\">Sur une carte montrant la navigation des vraquiers publi\u00e9e par le cabinet Inter-Courtage, on pouvait constater lundi matin que \u00ab\u00a0la mer d\u2019Azov est toujours interdite \u00e0 la navigation et que les ports ukrainiens sont de facto bloqu\u00e9s\u00a0\u00bb.<\/p>\n<p class=\"has-black-color has-text-color\">Les op\u00e9rateurs observaient la poursuite de chargements dans les ports russes de mer Noire, ainsi qu\u2019en Roumanie et en Bulgarie.<\/p>\n<p class=\"has-black-color has-text-color\">Mais les march\u00e9s sont encore dans l\u2019inconnu quant au commerce des grains russes, d\u2019\u00e9ventuelles difficult\u00e9s logistiques et surtout quant aux \u00ab\u00a0cons\u00e9quences des sanctions europ\u00e9ennes qui pourraient bloquer les transactions\u00a0\u00bb, a d\u00e9clar\u00e9 \u00e0 l\u2019AFP S\u00e9bastien Poncelet, analyste au cabinet Agritel (Argus Media France).<\/p>\n<p class=\"has-black-color has-text-color\">Si pour le bl\u00e9, il semble possible, au moins \u00e0 court terme, de compenser avec d\u2019autres origines, notamment fran\u00e7aise, le probl\u00e8me pour le ma\u00efs est celui de la disponibilit\u00e9 du grain jaune.<\/p>\n<p class=\"has-black-color has-text-color\">Pour le courtier Damien Vercambre (Inter-Courtage), \u00ab\u00a0on entre dans un processus long, avec l\u2019Ukraine hors jeu pour un temps ind\u00e9termin\u00e9\u00a0\u00bb.<\/p>\n<p class=\"has-black-color has-text-color\">Il estime \u00e0 \u00ab\u00a0dix-douze millions de tonnes\u00a0\u00bb le volume de ma\u00efs ukrainien restant \u00e0 exporter cette saison, dont une large part destin\u00e9e \u00e0 l\u2019Europe. La moiti\u00e9 du ma\u00efs import\u00e9 en Europe provient traditionnellement d\u2019Ukraine.<\/p>\n<p class=\"has-black-color has-text-color\">\u00ab\u00a0Apr\u00e8s la Chine, les premiers acheteurs de ma\u00efs ukrainien sont les Pays-Bas et l\u2019Espagne, qui pourraient se tourner vers le ma\u00efs fran\u00e7ais\u00a0\u00bb, estime S\u00e9bastien Poncelet, tout en relevant que les r\u00e9serves fran\u00e7aises \u00ab\u00a0ne sont pas extensibles\u00a0\u00bb.<\/p>\n<p class=\"has-black-color has-text-color\">Pour les analystes, la volatilit\u00e9 restera de mise sur les march\u00e9s dans un contexte in\u00e9dit, au diapason des \u00e9volutions de la crise russo-ukrainienne sur le terrain. \u00ab\u00a0Il faut prendre avec la plus grande pr\u00e9caution les cotations affich\u00e9es dans ce contexte, les cours \u00e9voluant de plusieurs pour cent en l\u2019espace de quelques minutes\u00a0\u00bb, souligne Agritel dans une note.<\/p>\n<p>L\u2019article <a rel=\"nofollow\" href=\"http:\/\/albayane.press.ma\/les-ports-ukrainiens-bloques-le-mais-et-ble-flambent.html\">Les ports ukrainiens bloqu\u00e9s, le ma\u00efs et bl\u00e9 flambent<\/a> est apparu en premier sur <a rel=\"nofollow\" href=\"http:\/\/albayane.press.ma\/\">ALBAYANE<\/a>.<\/p>\n<\/div>\n<p>Auteur: M&rsquo;hammed rahal<br \/>\n<a href=\"http:\/\/albayane.press.ma\/les-ports-ukrainiens-bloques-le-mais-et-ble-flambent.html\">Cliquez ici pour lire l&rsquo;article depuis sa source.<\/a><\/p>\n","protected":false},"excerpt":{"rendered":"<p>La mer d\u2019Azov toujours ferm\u00e9e \u00e0 la navigation Les prix du ma\u00efs s\u2019envolaient de nouveau lundi sur le march\u00e9 europ\u00e9en, les op\u00e9rateurs cherchant des solutions de repli alors que les ports ukrainiens sont bloqu\u00e9s et la mer d\u2019Azov toujours ferm\u00e9e \u00e0 la navigation. Vers 12H30, la tonne de ma\u00efs gagnait 31,75 euros \u00e0 321 euros [&hellip;]<\/p>\n","protected":false},"author":1760,"featured_media":0,"comment_status":"closed","ping_status":"closed","sticky":false,"template":"","format":"standard","meta":{"fifu_image_url":"","fifu_image_alt":"","footnotes":""},"categories":[73,54],"tags":[],"class_list":["post-141991","post","type-post","status-publish","format-standard","hentry","category-actualite","category-maroc"],"_links":{"self":[{"href":"https:\/\/linitiative.ca\/International\/wp-json\/wp\/v2\/posts\/141991","targetHints":{"allow":["GET"]}}],"collection":[{"href":"https:\/\/linitiative.ca\/International\/wp-json\/wp\/v2\/posts"}],"about":[{"href":"https:\/\/linitiative.ca\/International\/wp-json\/wp\/v2\/types\/post"}],"author":[{"embeddable":true,"href":"https:\/\/linitiative.ca\/International\/wp-json\/wp\/v2\/users\/1760"}],"replies":[{"embeddable":true,"href":"https:\/\/linitiative.ca\/International\/wp-json\/wp\/v2\/comments?post=141991"}],"version-history":[{"count":0,"href":"https:\/\/linitiative.ca\/International\/wp-json\/wp\/v2\/posts\/141991\/revisions"}],"wp:attachment":[{"href":"https:\/\/linitiative.ca\/International\/wp-json\/wp\/v2\/media?parent=141991"}],"wp:term":[{"taxonomy":"category","embeddable":true,"href":"https:\/\/linitiative.ca\/International\/wp-json\/wp\/v2\/categories?post=141991"},{"taxonomy":"post_tag","embeddable":true,"href":"https:\/\/linitiative.ca\/International\/wp-json\/wp\/v2\/tags?post=141991"}],"curies":[{"name":"wp","href":"https:\/\/api.w.org\/{rel}","templated":true}]}}