{"id":141993,"date":"2022-03-01T07:19:00","date_gmt":"2022-03-01T12:19:00","guid":{"rendered":"https:\/\/linitiative.ca\/International\/pfizer-compte-toucher-45-de-patients-supplementaires\/"},"modified":"2022-03-01T07:19:00","modified_gmt":"2022-03-01T12:19:00","slug":"pfizer-compte-toucher-45-de-patients-supplementaires","status":"publish","type":"post","link":"https:\/\/linitiative.ca\/International\/pfizer-compte-toucher-45-de-patients-supplementaires\/","title":{"rendered":"Pfizer compte toucher 45 % de patients suppl\u00e9mentaires"},"content":{"rendered":"<div>Les dirigeants r\u00e9gionaux de Pfizer en Afrique et au Moyen-Orient (AMO) ont annonc\u00e9 ce mardi, leur ambition de toucher en 2022 environ 45 % de patients suppl\u00e9mentaires par rapport \u00e0 2021.<\/div>\n<p>Auteur:<br \/>\n<a href=\"https:\/\/www.liberte-algerie.com\/actualite\/pfizer-compte-toucher-45-de-patients-supplementaires-374154\">Cliquez ici pour lire l&rsquo;article depuis sa source.<\/a><\/p>\n","protected":false},"excerpt":{"rendered":"<p>Les dirigeants r\u00e9gionaux de Pfizer en Afrique et au Moyen-Orient (AMO) ont annonc\u00e9 ce mardi, leur ambition de toucher en 2022 environ 45 % de patients suppl\u00e9mentaires par rapport \u00e0 2021. Auteur: Cliquez ici pour lire l&rsquo;article depuis sa source.<\/p>\n","protected":false},"author":1742,"featured_media":0,"comment_status":"closed","ping_status":"closed","sticky":false,"template":"","format":"standard","meta":{"fifu_image_url":"","fifu_image_alt":"","footnotes":""},"categories":[73,53],"tags":[],"class_list":["post-141993","post","type-post","status-publish","format-standard","hentry","category-actualite","category-algerie"],"_links":{"self":[{"href":"https:\/\/linitiative.ca\/International\/wp-json\/wp\/v2\/posts\/141993","targetHints":{"allow":["GET"]}}],"collection":[{"href":"https:\/\/linitiative.ca\/International\/wp-json\/wp\/v2\/posts"}],"about":[{"href":"https:\/\/linitiative.ca\/International\/wp-json\/wp\/v2\/types\/post"}],"author":[{"embeddable":true,"href":"https:\/\/linitiative.ca\/International\/wp-json\/wp\/v2\/users\/1742"}],"replies":[{"embeddable":true,"href":"https:\/\/linitiative.ca\/International\/wp-json\/wp\/v2\/comments?post=141993"}],"version-history":[{"count":0,"href":"https:\/\/linitiative.ca\/International\/wp-json\/wp\/v2\/posts\/141993\/revisions"}],"wp:attachment":[{"href":"https:\/\/linitiative.ca\/International\/wp-json\/wp\/v2\/media?parent=141993"}],"wp:term":[{"taxonomy":"category","embeddable":true,"href":"https:\/\/linitiative.ca\/International\/wp-json\/wp\/v2\/categories?post=141993"},{"taxonomy":"post_tag","embeddable":true,"href":"https:\/\/linitiative.ca\/International\/wp-json\/wp\/v2\/tags?post=141993"}],"curies":[{"name":"wp","href":"https:\/\/api.w.org\/{rel}","templated":true}]}}