{"id":141997,"date":"2022-03-01T08:54:15","date_gmt":"2022-03-01T13:54:15","guid":{"rendered":"https:\/\/linitiative.ca\/International\/le-festival-dastronomie-souffle-sa-21e-bougie\/"},"modified":"2022-03-01T08:54:15","modified_gmt":"2022-03-01T13:54:15","slug":"le-festival-dastronomie-souffle-sa-21e-bougie","status":"publish","type":"post","link":"https:\/\/linitiative.ca\/International\/le-festival-dastronomie-souffle-sa-21e-bougie\/","title":{"rendered":"Le Festival d\u2019Astronomie souffle sa 21\u00e8 bougie"},"content":{"rendered":"<div>\n<div style=\"margin-bottom:20px;\"><img loading=\"lazy\" decoding=\"async\" width=\"750\" height=\"430\" src=\"https:\/\/linitiative.ca\/International\/wp-content\/uploads\/sites\/23\/2022\/03\/festival-dastronomie-copier.jpg\" class=\"attachment-post-thumbnail size-post-thumbnail wp-post-image\" alt=\"\" srcset=\"https:\/\/linitiative.ca\/International\/wp-content\/uploads\/sites\/23\/2022\/03\/festival-dastronomie-copier.jpg 750w, https:\/\/www.mapmarrakech.ma\/map\/uploads\/2022\/03\/festival-dastronomie-copier-300x172.jpg 300w\" sizes=\"auto, (max-width: 750px) 100vw, 750px\"><\/div>\n<p>Organis\u00e9 par l\u2019Association d\u2019Astronomie Amateur de Marrakech (3AM), avec le soutien de l\u2019Institut Fran\u00e7ais de Marrakech (IFM), ce rendez-vous annuel incontournable de l\u2019Astronomie vise, notamment \u00e0 instaurer une culture scientifique, \u00e0 vulgariser l\u2019enseignement de l\u2019astronomie et des sciences du ciel et de l\u2019espace, et \u00e0 encourager la diffusion des connaissances se rapportant \u00e0 l\u2019Astronomie.<\/p>\n<p>\u00ab\u00a0Nous inaugurons aujourd\u2019hui une semaine d\u2019activit\u00e9s autour de l\u2019astronomie apr\u00e8s deux ann\u00e9es d\u2019interruption dict\u00e9es par la pand\u00e9mie du nouveau coronavirus (Covide-19), l\u2019occasion de c\u00e9l\u00e9brer une relance tant attendue par les amateurs d\u2019astronomie\u00a0\u00bb, a soulign\u00e9 M. Zouhair Benkhaldoun, enseignant-chercheur \u00e0 la Facult\u00e9 des Sciences Semlalia de Marrakech (FSSM) relevant de l\u2019Universit\u00e9 Cadi Ayyad (UCA) et directeur de l\u2019Observatoire Universitaire Cadi Ayyad, dans une d\u00e9claration \u00e0 M24, la cha\u00eene t\u00e9l\u00e9vis\u00e9e de l\u2019information en continu de la MAP.<\/p>\n<p>\u00ab\u00a0Cet \u00e9v\u00e9nement scientifique a pour objectif de vulgariser et de diss\u00e9miner le savoir aupr\u00e8s du grand public en g\u00e9n\u00e9ral et les \u00e9tudiants et les \u00e9l\u00e8ves en particulier, leur donner l\u2019envie de faire de la science et leur permettre de r\u00eaver un peu. L\u2019astronomie \u00e9tant une discipline qui fait r\u00eaver\u00a0\u00bb, a ajout\u00e9 M. Benkhaldoun, \u00e9galement pr\u00e9sident du Comit\u00e9 National pour l\u2019Astronomie au Maroc.<\/p>\n<p>Pour sa part, Mme Salma Sylla Mbaye, doctorante en astrophysique \u00e0 l\u2019Universit\u00e9 Cheikh Anta Diop de Dakar a exprim\u00e9 sa fiert\u00e9 de prendre part \u00e0 cet \u00e9v\u00e9nement scientifique international, \u00ab\u00a0qui nous permet de partager notre science et notre passion pour l\u2019astronomie avec le grand public\u00a0\u00bb.<\/p>\n<p>Dans ce sens, Mme Mbaye, en visite scientifique au Laboratoire de Physique des Hautes Energie et Astrophysique \u00e0 la Facult\u00e9 des sciences Semlalia, a indiqu\u00e9 qu\u2019elle assurera la coordination d\u2019une activit\u00e9 qui va permettre aux \u00e9tudiantes de premier et deuxi\u00e8me cycles de trouver des r\u00e9ponses qui vont \u00eatre utiles pour le choix de leurs carri\u00e8res scientifiques, particuli\u00e8rement en astronomie.<\/p>\n<p>Et de poursuivre que cette activit\u00e9 en mode hybride sera une occasion pour un \u00e9change entre plusieurs femmes issues de plusieurs pays de l\u2019Afrique pour partager leurs exp\u00e9riences et leur passion pour ce domaine.<\/p>\n<p>Pour cette nouvelle \u00e9dition, les organisateurs ont concoct\u00e9 un programme riche et vari\u00e9 avec au menu, des ateliers, des conf\u00e9rences et des s\u00e9ances d\u2019observations du ciel, avec pour objectif la diffusion des connaissances en astronomie, \u00e0 un public aussi large que vari\u00e9, dont des groupements scolaires publics et priv\u00e9s, des \u00e9tablissements universitaires et des associations culturelles, en ouvrant les portes des sciences de l\u2019univers.<\/p>\n<p>Au programme de ce rendez-vous scientifique, qui ambitionne \u00e9galement de rendre les sciences de l\u2019univers \u00ab\u00a0faciles\u00a0\u00bb, \u00ab\u00a0accessibles\u00a0\u00bb et \u00ab\u00a0amusantes\u00a0\u00bb pour le grand public, figurent une rencontre d\u00e9di\u00e9e au parcours astronomiques au f\u00e9minin en Afrique.<\/p>\n<p>Dans le cadre de ce festival, la c\u00e9l\u00e8bre astrophysicienne belge, Katrien Kolenberg, animera le 03 mars prochain, une conf\u00e9rence \u00e0 l\u2019IFM sous le th\u00e8me \u00ab\u00a0la musique des \u00e9toiles\u00a0\u00bb.<\/p>\n<p>Cr\u00e9\u00e9e en 1999, l\u2019Association d\u2019Astronomie Amateur de Marrakech a pour vocation de promouvoir les sciences de l\u2019univers aupr\u00e8s du grand public (scolaire en particulier), de contribuer au d\u00e9veloppement d\u2019un observatoire astronomique dans la r\u00e9gion de Marrakech, et de participer \u00e0 la diffusion de la Science.<\/p>\n<p>The post <a rel=\"nofollow\" href=\"https:\/\/www.mapmarrakech.ma\/fr\/le-festival-dastronomie-souffle-sa-21e-bougie\/\">Le Festival d\u2019Astronomie souffle sa 21\u00e8 bougie<\/a> appeared first on <a rel=\"nofollow\" href=\"https:\/\/www.mapmarrakech.ma\/fr\">MapMarrakech<\/a>.<\/p>\n<\/div>\n<p>Auteur: Meriem IGASS<br \/>\n<a href=\"https:\/\/www.mapmarrakech.ma\/fr\/le-festival-dastronomie-souffle-sa-21e-bougie\/\">Cliquez ici pour lire l&rsquo;article depuis sa source.<\/a><\/p>\n","protected":false},"excerpt":{"rendered":"<p>Organis\u00e9 par l\u2019Association d\u2019Astronomie Amateur de Marrakech (3AM), avec le soutien de l\u2019Institut Fran\u00e7ais de Marrakech (IFM), ce rendez-vous annuel incontournable de l\u2019Astronomie vise, notamment \u00e0 instaurer une culture scientifique, \u00e0 vulgariser l\u2019enseignement de l\u2019astronomie et des sciences du ciel et de l\u2019espace, et \u00e0 encourager la diffusion des connaissances se rapportant \u00e0 l\u2019Astronomie. \u00ab\u00a0Nous [&hellip;]<\/p>\n","protected":false},"author":1788,"featured_media":0,"comment_status":"closed","ping_status":"closed","sticky":false,"template":"","format":"standard","meta":{"fifu_image_url":"https:\/\/www.mapmarrakech.ma\/map\/uploads\/2022\/03\/festival-dastronomie-copier.jpg","fifu_image_alt":"Le Festival d\u2019Astronomie souffle sa 21\u00e8 bougie","footnotes":""},"categories":[54,76],"tags":[],"class_list":["post-141997","post","type-post","status-publish","format-standard","hentry","category-maroc","category-regions"],"_links":{"self":[{"href":"https:\/\/linitiative.ca\/International\/wp-json\/wp\/v2\/posts\/141997","targetHints":{"allow":["GET"]}}],"collection":[{"href":"https:\/\/linitiative.ca\/International\/wp-json\/wp\/v2\/posts"}],"about":[{"href":"https:\/\/linitiative.ca\/International\/wp-json\/wp\/v2\/types\/post"}],"author":[{"embeddable":true,"href":"https:\/\/linitiative.ca\/International\/wp-json\/wp\/v2\/users\/1788"}],"replies":[{"embeddable":true,"href":"https:\/\/linitiative.ca\/International\/wp-json\/wp\/v2\/comments?post=141997"}],"version-history":[{"count":0,"href":"https:\/\/linitiative.ca\/International\/wp-json\/wp\/v2\/posts\/141997\/revisions"}],"wp:attachment":[{"href":"https:\/\/linitiative.ca\/International\/wp-json\/wp\/v2\/media?parent=141997"}],"wp:term":[{"taxonomy":"category","embeddable":true,"href":"https:\/\/linitiative.ca\/International\/wp-json\/wp\/v2\/categories?post=141997"},{"taxonomy":"post_tag","embeddable":true,"href":"https:\/\/linitiative.ca\/International\/wp-json\/wp\/v2\/tags?post=141997"}],"curies":[{"name":"wp","href":"https:\/\/api.w.org\/{rel}","templated":true}]}}