{"id":141999,"date":"2022-03-01T09:28:32","date_gmt":"2022-03-01T14:28:32","guid":{"rendered":"https:\/\/linitiative.ca\/International\/deficit-pluviometrique-questions-au-dra-de-marrakech-safi\/"},"modified":"2022-03-01T09:28:32","modified_gmt":"2022-03-01T14:28:32","slug":"deficit-pluviometrique-questions-au-dra-de-marrakech-safi","status":"publish","type":"post","link":"https:\/\/linitiative.ca\/International\/deficit-pluviometrique-questions-au-dra-de-marrakech-safi\/","title":{"rendered":"D\u00e9ficit pluviom\u00e9trique: Questions au DRA de Marrakech-Safi"},"content":{"rendered":"<div>\n<div style=\"margin-bottom:20px;\"><img loading=\"lazy\" decoding=\"async\" width=\"750\" height=\"430\" src=\"https:\/\/linitiative.ca\/International\/wp-content\/uploads\/sites\/23\/2022\/03\/Abdelaziz-Bousraref-DRA-Marrakech-safi-copier.jpg\" class=\"attachment-post-thumbnail size-post-thumbnail wp-post-image\" alt=\"\" srcset=\"https:\/\/linitiative.ca\/International\/wp-content\/uploads\/sites\/23\/2022\/03\/Abdelaziz-Bousraref-DRA-Marrakech-safi-copier.jpg 750w, https:\/\/www.mapmarrakech.ma\/map\/uploads\/2022\/03\/Abdelaziz-Bousraref-DRA-Marrakech-safi-copier-300x172.jpg 300w\" sizes=\"auto, (max-width: 750px) 100vw, 750px\"><\/div>\n<p><b>Q1 : Sur Hautes Instructions Royales, le gouvernement a annonc\u00e9 la mise en \u0153uvre d\u2019un programme d\u2019urgence pour venir en aide au secteur agricole, comment vous avez accueilli cette d\u00e9cision ? <\/b><\/p>\n<p>Le programme exceptionnel \u00e9labor\u00e9 par le gouvernement suite aux Hautes Instructions de Sa Majest\u00e9 le Roi Mohammed VI est une initiative Royale salvatrice pour att\u00e9nuer l\u2019impact du d\u00e9ficit pluviom\u00e9trique sur le monde rurale. Il s\u2019agit d\u2019une initiative qui a \u00e9t\u00e9 accueilli avec satisfaction par les agriculteurs, les professionnels et tous les services op\u00e9rant dans ce secteur, dans l\u2019objectif de mettre \u00e0 ex\u00e9cution ce programme dans les plus bref d\u00e9lais.<\/p>\n<p>Ce programme exceptionnel t\u00e9moigne de la Haute Sollicitude de Sa Majest\u00e9 le Roi Mohammed VI et de l\u2019int\u00e9r\u00eat tout particulier que le Souverain ne cesse d\u2019accorder au monde rural.<\/p>\n<p>L\u2019objectif est de parvenir \u00e0 att\u00e9nuer l\u2019impact des conditions climatiques sur les agriculteurs de la r\u00e9gion, mais \u00e9galement de les aider \u00e0 d\u00e9passer ces difficult\u00e9s et donc de mieux se pr\u00e9parer \u00e0 d\u2019\u00e9ventuelles cultures de printemps et \u00e0 la prochaine campagne agricole.<\/p>\n<p><b>Q2 : Quelles sont les mesures adopt\u00e9es pour une meilleure d\u00e9clinaison r\u00e9gionale des dispositions de ce programme ambitieux ?<\/b><\/p>\n<p>Pour concr\u00e9tiser ce chantier, la Direction R\u00e9gionale de l\u2019Agriculture (DRA) Marrakech-Safi et les diff\u00e9rents services d\u00e9concentr\u00e9s du minist\u00e8re de l\u2019Agriculture au niveau r\u00e9gional, en parfaite concertation avec les autorit\u00e9s locales, ainsi que les professionnels de la Chambre d\u2019Agriculture et les \u00e9lus, oeuvrent d\u2019arrache-pied et dans une synergie inou\u00efe, afin de d\u00e9cliner ce programme et veiller \u00e0 son op\u00e9rationnalisation dans les meilleures conditions et selon un syst\u00e8me infaillible de gouvernance et de suivi pour aboutir aux r\u00e9sultats escompt\u00e9s.<\/p>\n<p>Pour se faire, les multiples intervenants sont \u00e0 pied d\u2019oeuvre \u00e0 travers la multiplication des r\u00e9unions de travail au niveau des diff\u00e9rentes provinces de la r\u00e9gion Marrakech-Safi, la mobilisation des moyens humains et logistiques n\u00e9cessaires, la mise en place de commissions mixtes sp\u00e9cialis\u00e9es, outre l\u2019organisation de visites pour s\u2019enqu\u00e9rir au mieux de la situation sur le terrain.<\/p>\n<p>Les travaux ont d\u00e9j\u00e0 d\u00e9marr\u00e9, \u00e0 travers une Commission R\u00e9gionale et Provinciale, et la mise en place d\u2019un proc\u00e9d\u00e9 de gouvernance et de suivi rigoureux.<\/p>\n<p>La finalit\u00e9 est que cette op\u00e9ration puisse se d\u00e9rouler dans de bonnes conditions, de mani\u00e8re \u00e0 atteindre les vrais b\u00e9n\u00e9ficiaires, \u00e9leveurs et agriculteurs.<\/p>\n<p>Toutes les dispositions sont prises pour que cette op\u00e9ration se passe dans les meilleures conditions en \u00e9troite concertation avec les autorit\u00e9s r\u00e9gionales, provinciales et locales et \u00e9galement les professionnels de la chambre d\u2019agriculture.<\/p>\n<p><b>Q3- Quels sont les principaux axes de ce programme ?<\/b><\/p>\n<p>Ce programme exceptionnel est articul\u00e9 autour de trois principaux axes, dont le premier concerne l\u2019appui direct aux \u00e9leveurs et agriculteurs, le deuxi\u00e8me se rapporte \u00e0 l\u2019assurance multirisque climatique, alors que le troisi\u00e8me axe porte sur le soutien financier des agriculteurs.<\/p>\n<p>S\u2019agissant du premier axe, il concerne essentiellement la sauvegarde du patrimoine animal, \u00e0 travers des op\u00e9rations directes, notamment la distribution de l\u2019orge subventionn\u00e9 aux \u00e9leveurs.<\/p>\n<p>La r\u00e9gion Marrakech-Safi a eu comme premi\u00e8re tranche 500.000 Qtx et il y aurait d\u2019autres tranches selon l\u2019\u00e9volution de la situation. Il s\u2019agit d\u2019une op\u00e9ration qui se d\u00e9roulera selon une proc\u00e9dure bien d\u00e9finie dans le cadre de commissions r\u00e9gionales et provinciales et dans des centres de relais tr\u00e8s proches des agriculteurs.<\/p>\n<p>De m\u00eame, il sera proc\u00e9d\u00e9 \u00e0 la distribution de l\u2019aliment compos\u00e9 subventionn\u00e9, au profit des \u00e9leveurs de bovins laitiers, afin de les aider \u00e0 d\u00e9passer cette difficult\u00e9 de manque de ressources fourrag\u00e8res pour produire des quantit\u00e9s suffisantes de lait, surtout que le mois sacr\u00e9 du Ramadan s\u2019approche.<\/p>\n<p>L\u2019effort portera aussi sur le creusement et l\u2019\u00e9quipement des points d\u2019eau au niveau de toute la r\u00e9gion, dans l\u2019optique de venir en aide aux agriculteurs surtout, au niveau des zones qui enregistrent une raret\u00e9 d\u2019eau. L\u2019objectif \u00e9tant d\u2019assurer un abreuvement r\u00e9gulier du cheptel.<\/p>\n<p>Comme autre op\u00e9ration directe, il s\u2019agit de l\u2019am\u00e9nagement de la petite et moyenne hydraulique, dont l\u2019objectif essentiel est la cr\u00e9ation de l\u2019emploi au niveau du monde rural, outre le rev\u00eatement des saguias traditionnelles pour aider \u00e0 une meilleure \u00e9conomie et rationalisation de l\u2019eau au niveau de la petite et moyenne hydraulique.<\/p>\n<p>Une autre action en mati\u00e8re de pr\u00e9servation du capital v\u00e9g\u00e9tal concernera l\u2019irrigation des plantations arboricoles r\u00e9alis\u00e9es dans le cadre des projets de l\u2019agriculture solidaire, celles qui sont situ\u00e9es au niveau des zones Bour \u00e2g\u00e9es entre 2 et 5 ans, afin d\u2019assurer leur p\u00e9rennisation.<\/p>\n<p>L\u2019autre axe concerne l\u2019AMRC (Assurance Multirisques Climatiques) et au niveau de notre r\u00e9gion, pr\u00e8s de 398.000 ha sont concern\u00e9s par cette assurance.<\/p>\n<p>Les commission locales mixtes qui groupent les experts de la MAMDA et les services d\u00e9concentr\u00e9s du minist\u00e8re de l\u2019Agriculture ont d\u00e9j\u00e0 d\u00e9marr\u00e9 depuis le 21 f\u00e9vrier, les travaux d\u2019expertise sur le terrain pour activer et acc\u00e9l\u00e9rer l\u2019indemnisation des agriculteurs, afin de les aider \u00e0 avoir des ressources financi\u00e8res pour la suite de la campagne agricole.<\/p>\n<p>Le troisi\u00e8me axe concerne, quant \u00e0 lui, l\u2019all\u00e9gement de la charge financi\u00e8re sur les agriculteurs, notant que le groupe Cr\u00e9dit Agricole du Maroc proc\u00e9dera au r\u00e9\u00e9chelonnement des cr\u00e9ances des agriculteurs, tout en proposant des produits nouveaux concernant les cultures du printemps, l\u2019arboriculture et aussi le cheptel.<\/p>\n<p><b>Q4- La r\u00e9gion Marrakech- Safi est une zone \u00e0 vocation agricole, pourtant elle demeure expos\u00e9e au d\u00e9ficit pluviom\u00e9trique, quelles sont les solutions alternatives d\u00e9j\u00e0 en cours ?<\/b><\/p>\n<p>La r\u00e9gion Marrakech-Safi est une zone \u00e0 vocation agricole par excellence, avec un potentiel important en termes de production agricole, et une superficie agricole utile (SAU) de 2 millions ha.<\/p>\n<p>La r\u00e9gion compte 250.000 ha irrigu\u00e9s, dont 150.000 en grande hydraulique, outre l\u2019adoption auparavant, d\u2019une kyrielle de mesures dans le cadre du Plan Maroc Vert, \u00e0 la faveur d\u2019une meilleure adaptation aux changements climatiques.<\/p>\n<p>Parmi ces mesures phares du Plan Maroc Vert, qui sont poursuivies dans le cadre du programme \u00ab\u00a0G\u00e9n\u00e9ration Green\u00a0\u00bb figurent l\u2019\u00e9conomie de l\u2019eau \u00e0 tous les niveaux.<\/p>\n<p>Nous avons un programme ambitieux qui a \u00e9t\u00e9 r\u00e9alis\u00e9 et qui se poursuit dans le cadre de \u00ab\u00a0G\u00e9n\u00e9ration Green\u00a0\u00bb, celui de reconversion des syst\u00e8mes d\u2019irrigation traditionnels au syst\u00e8me de goutte \u00e0 goutte.<\/p>\n<p>Nous sommes \u00e0 120.000 ha de superficie convertis en goutte \u00e0 goutte, ce qui permettra une \u00e9conomie importante d\u2019eau allant de 30% \u00e0 35%, par rapport aux syst\u00e8mes d\u2019irrigation conventionnels.<\/p>\n<p>Au niveau r\u00e9gional, il y a \u00e9galement l\u2019orientation des cultures au niveau des zones Bour vers des cultures adapt\u00e9es \u00e0 la s\u00e9cheresse comme l\u2019olivier, l\u2019amandier, le caroubier, le cactus \u2026etc.<\/p>\n<p>Nous travaillons sur les deux, au niveau des zones Bour en termes du choix des cultures adapt\u00e9es aux conditions climatiques de la r\u00e9gion et au niveau des zones irrigu\u00e9es en termes d\u2019\u00e9conomie d\u2019eau, \u00e0 travers le syst\u00e8me du goutte \u00e0 goutte mais aussi, gr\u00e2ce \u00e0 la maintenance et \u00e0 la r\u00e9habilitation des r\u00e9seaux d\u2019irrigation de la grande hydraulique pour minimiser les pertes au maximum.<\/p>\n<p>The post <a rel=\"nofollow\" href=\"https:\/\/www.mapmarrakech.ma\/fr\/deficit-pluviometrique-questions-au-dra-de-marrakech-safi\/\">D\u00e9ficit pluviom\u00e9trique: Questions au DRA de Marrakech-Safi<\/a> appeared first on <a rel=\"nofollow\" href=\"https:\/\/www.mapmarrakech.ma\/fr\">MapMarrakech<\/a>.<\/p>\n<\/div>\n<p>Auteur: Meriem IGASS<br \/>\n<a href=\"https:\/\/www.mapmarrakech.ma\/fr\/deficit-pluviometrique-questions-au-dra-de-marrakech-safi\/\">Cliquez ici pour lire l&rsquo;article depuis sa source.<\/a><\/p>\n","protected":false},"excerpt":{"rendered":"<p>Q1 : Sur Hautes Instructions Royales, le gouvernement a annonc\u00e9 la mise en \u0153uvre d\u2019un programme d\u2019urgence pour venir en aide au secteur agricole, comment vous avez accueilli cette d\u00e9cision ? Le programme exceptionnel \u00e9labor\u00e9 par le gouvernement suite aux Hautes Instructions de Sa Majest\u00e9 le Roi Mohammed VI est une initiative Royale salvatrice pour [&hellip;]<\/p>\n","protected":false},"author":1788,"featured_media":0,"comment_status":"closed","ping_status":"closed","sticky":false,"template":"","format":"standard","meta":{"fifu_image_url":"https:\/\/www.mapmarrakech.ma\/map\/uploads\/2022\/03\/Abdelaziz-Bousraref-DRA-Marrakech-safi-copier.jpg","fifu_image_alt":"D\u00e9ficit pluviom\u00e9trique: Questions au DRA de Marrakech-Safi","footnotes":""},"categories":[54,76],"tags":[],"class_list":["post-141999","post","type-post","status-publish","format-standard","hentry","category-maroc","category-regions"],"_links":{"self":[{"href":"https:\/\/linitiative.ca\/International\/wp-json\/wp\/v2\/posts\/141999","targetHints":{"allow":["GET"]}}],"collection":[{"href":"https:\/\/linitiative.ca\/International\/wp-json\/wp\/v2\/posts"}],"about":[{"href":"https:\/\/linitiative.ca\/International\/wp-json\/wp\/v2\/types\/post"}],"author":[{"embeddable":true,"href":"https:\/\/linitiative.ca\/International\/wp-json\/wp\/v2\/users\/1788"}],"replies":[{"embeddable":true,"href":"https:\/\/linitiative.ca\/International\/wp-json\/wp\/v2\/comments?post=141999"}],"version-history":[{"count":0,"href":"https:\/\/linitiative.ca\/International\/wp-json\/wp\/v2\/posts\/141999\/revisions"}],"wp:attachment":[{"href":"https:\/\/linitiative.ca\/International\/wp-json\/wp\/v2\/media?parent=141999"}],"wp:term":[{"taxonomy":"category","embeddable":true,"href":"https:\/\/linitiative.ca\/International\/wp-json\/wp\/v2\/categories?post=141999"},{"taxonomy":"post_tag","embeddable":true,"href":"https:\/\/linitiative.ca\/International\/wp-json\/wp\/v2\/tags?post=141999"}],"curies":[{"name":"wp","href":"https:\/\/api.w.org\/{rel}","templated":true}]}}