{"id":142005,"date":"2022-03-01T10:47:22","date_gmt":"2022-03-01T15:47:22","guid":{"rendered":"https:\/\/linitiative.ca\/International\/population-active-en-2021-lessentiel-de-la-note-dinformation-du-hcp\/"},"modified":"2022-03-01T10:47:22","modified_gmt":"2022-03-01T15:47:22","slug":"population-active-en-2021-lessentiel-de-la-note-dinformation-du-hcp","status":"publish","type":"post","link":"https:\/\/linitiative.ca\/International\/population-active-en-2021-lessentiel-de-la-note-dinformation-du-hcp\/","title":{"rendered":"Population active en 2021: L\u2019essentiel de la note d\u2019information du HCP"},"content":{"rendered":"<div>\n<div style=\"margin-bottom:20px;\"><img loading=\"lazy\" decoding=\"async\" width=\"750\" height=\"430\" src=\"https:\/\/linitiative.ca\/International\/wp-content\/uploads\/sites\/23\/2022\/03\/projet-de-restructuration-des-quartiers-sous-C3A9quipC3A9s-750C397430-MAP.jpg\" class=\"attachment-post-thumbnail size-post-thumbnail wp-post-image\" alt=\"\" srcset=\"https:\/\/linitiative.ca\/International\/wp-content\/uploads\/sites\/23\/2022\/03\/projet-de-restructuration-des-quartiers-sous-C3A9quipC3A9s-750C397430-MAP.jpg 750w, https:\/\/www.mapoujda.ma\/map\/uploads\/2022\/03\/projet-de-restructuration-des-quartiers-sous-\u00e9quip\u00e9s-750\u00d7430-MAP-300x172.jpg 300w\" sizes=\"auto, (max-width: 750px) 100vw, 750px\"><\/div>\n<div>\n<p style=\"text-align: justify;\">Voici l\u2019essentiel de la note d\u2019information du Haut-Commissariat au Plan (HCP), portant sur les principales caract\u00e9ristiques de la population active occup\u00e9e au titre de l\u2019ann\u00e9e 2021 :<\/p>\n<p style=\"text-align: justify;\">\u2013 Le quart des actifs occup\u00e9s (25%) b\u00e9n\u00e9ficient d\u2019une couverture m\u00e9dicale li\u00e9e \u00e0 l\u2019emploi (37,4% dans les villes et 7,9% \u00e0 la campagne), contre 24,7% en 2020.<\/p>\n<p style=\"text-align: justify;\">\u2013 Les actifs occup\u00e9s exer\u00e7ant dans l\u2019industrie enregistrent le taux de couverture m\u00e9dicale le plus \u00e9lev\u00e9 avec 45,4%, suivis de ceux relevant du secteur des services (36,9%), des BTP (11,7%) et de l\u2019agriculture, for\u00eat et p\u00eache (4,6%).<\/p>\n<p style=\"text-align: justify;\">-Le taux d\u2019emploi a augment\u00e9 de 0,3 point pour se situer \u00e0 39,7% au niveau national en 2021, apr\u00e8s une baisse de 2,2 points, entre 2019 et 2020.<\/p>\n<p style=\"text-align: justify;\">-Le taux d\u2019emploi des jeunes de 15-29 ans se maintient \u00e0 25,4 % entre 2020 et 2021. Il est de 2,8 points sous son niveau d\u2019avant crise (28,2% en 2019).<\/p>\n<p style=\"text-align: justify;\">-La r\u00e9partition des actifs occup\u00e9s selon le secteur d\u2019activit\u00e9 montre que le secteur des services se situe en premi\u00e8re position avec 4.935.000 personnes et une part de 45,8%.<\/p>\n<p style=\"text-align: justify;\">-Le taux de sous-emploi est pass\u00e9 de 10,7% en 2020 \u00e0 9,3% en 2021 au niveau national, de 10,1% \u00e0 8,8% en milieu urbain et de 11,6% \u00e0 10% en milieu rural.<\/p>\n<p style=\"text-align: justify;\">-Le volume des actifs occup\u00e9s en situation de sous-emploi a atteint 1.003.000 personnes, 550.000 personnes dans les villes et 453.000 \u00e0 la campagne.<\/p>\n<p style=\"text-align: justify;\">-Les secteurs ayant connu une forte baisse du sous-emploi sont l\u2019industrie avec -2,2 points (de 8,7% \u00e0 6,5%), les BTP avec -1,8 point (de 19,6% \u00e0 17,8%) et les services avec -1,3 point (de 9,4% \u00e0 8,0%).<\/p>\n<p style=\"text-align: justify;\">-Plus de la moiti\u00e9 des salari\u00e9s (54,6%) ne disposent d\u2019aucun contrat formalisant leur relation avec l\u2019employeur au titre de l\u2019ann\u00e9e 2021.<\/p>\n<p style=\"text-align: justify;\">-Les travailleurs dans l\u2019agriculture et les BTP enregistrent les taux les plus faibles de contractualisation, 16,9% et 17,8%, respectivement, alors que les travailleurs dans l\u2019industrie et les services sont contractualis\u00e9s \u00e0 hauteur de 59,1% et 56,6%, respectivement.<\/p>\n<p style=\"text-align: justify;\">-Un peu plus de la moiti\u00e9 (52,9%) des actifs occup\u00e9s n\u2019ont aucun dipl\u00f4me en 2021 contre 54,3% une ann\u00e9e auparavant, 31,2% ont un dipl\u00f4me de niveau moyen et 15,9% un dipl\u00f4me de niveau sup\u00e9rieur.<\/p>\n<p style=\"text-align: justify;\">-La part des actifs occup\u00e9s ayant un dipl\u00f4me sup\u00e9rieur est de 27,8% dans les services, 16,8% dans l\u2019industrie et de 6,6% dans les BTP.<\/p>\n<p style=\"text-align: justify;\">\u00a0-Le secteur des \u00ab\u00a0Services\u00a0\u00bb demeure le premier pourvoyeur de l\u2019emploi, avec 45,8% des actifs occup\u00e9s, dont 33,5% d\u2019entre eux exercent dans la branche du commerce, suivi de l&rsquo;\u00a0\u00bbAgriculture, for\u00eat et p\u00eache\u00a0\u00bb (avec 31,2%).<\/p>\n<p style=\"text-align: justify;\">\u00a0-Plus de la moiti\u00e9 (51,8%) des actifs occup\u00e9s sont des salari\u00e9s, 29,6% des ind\u00e9pendants, 13,7% des aides familiales et 2,2% d\u2019entre eux sont des employeurs.<\/p>\n<\/div>\n<p>L\u2019article <a rel=\"nofollow\" href=\"https:\/\/www.mapoujda.ma\/fr\/population-active-en-2021-lessentiel-de-la-note-dinformation-hcp\/\">Population active en 2021: L\u2019essentiel de la note d\u2019information du HCP<\/a> est apparu en premier sur <a rel=\"nofollow\" href=\"https:\/\/www.mapoujda.ma\/fr\">MapOujda<\/a>.<\/p>\n<\/div>\n<p>Auteur: Soufiane ELAHMAR<br \/>\n<a href=\"https:\/\/www.mapoujda.ma\/fr\/population-active-en-2021-lessentiel-de-la-note-dinformation-hcp\/\">Cliquez ici pour lire l&rsquo;article depuis sa source.<\/a><\/p>\n","protected":false},"excerpt":{"rendered":"<p>Voici l\u2019essentiel de la note d\u2019information du Haut-Commissariat au Plan (HCP), portant sur les principales caract\u00e9ristiques de la population active occup\u00e9e au titre de l\u2019ann\u00e9e 2021 : \u2013 Le quart des actifs occup\u00e9s (25%) b\u00e9n\u00e9ficient d\u2019une couverture m\u00e9dicale li\u00e9e \u00e0 l\u2019emploi (37,4% dans les villes et 7,9% \u00e0 la campagne), contre 24,7% en 2020. \u2013 [&hellip;]<\/p>\n","protected":false},"author":1788,"featured_media":0,"comment_status":"closed","ping_status":"closed","sticky":false,"template":"","format":"standard","meta":{"fifu_image_url":"https:\/\/www.mapoujda.ma\/map\/uploads\/2022\/03\/projet-de-restructuration-des-quartiers-sous-\u00e9quip\u00e9s-750\u00d7430-MAP.jpg","fifu_image_alt":"Population active en 2021: L\u2019essentiel de la note d\u2019information du HCP","footnotes":""},"categories":[54,76],"tags":[],"class_list":["post-142005","post","type-post","status-publish","format-standard","hentry","category-maroc","category-regions"],"_links":{"self":[{"href":"https:\/\/linitiative.ca\/International\/wp-json\/wp\/v2\/posts\/142005","targetHints":{"allow":["GET"]}}],"collection":[{"href":"https:\/\/linitiative.ca\/International\/wp-json\/wp\/v2\/posts"}],"about":[{"href":"https:\/\/linitiative.ca\/International\/wp-json\/wp\/v2\/types\/post"}],"author":[{"embeddable":true,"href":"https:\/\/linitiative.ca\/International\/wp-json\/wp\/v2\/users\/1788"}],"replies":[{"embeddable":true,"href":"https:\/\/linitiative.ca\/International\/wp-json\/wp\/v2\/comments?post=142005"}],"version-history":[{"count":0,"href":"https:\/\/linitiative.ca\/International\/wp-json\/wp\/v2\/posts\/142005\/revisions"}],"wp:attachment":[{"href":"https:\/\/linitiative.ca\/International\/wp-json\/wp\/v2\/media?parent=142005"}],"wp:term":[{"taxonomy":"category","embeddable":true,"href":"https:\/\/linitiative.ca\/International\/wp-json\/wp\/v2\/categories?post=142005"},{"taxonomy":"post_tag","embeddable":true,"href":"https:\/\/linitiative.ca\/International\/wp-json\/wp\/v2\/tags?post=142005"}],"curies":[{"name":"wp","href":"https:\/\/api.w.org\/{rel}","templated":true}]}}