{"id":142007,"date":"2022-03-01T08:55:24","date_gmt":"2022-03-01T13:55:24","guid":{"rendered":"https:\/\/linitiative.ca\/International\/plus-de-2-000-marocains-ont-deja-quitte-lukraine\/"},"modified":"2022-03-01T08:55:24","modified_gmt":"2022-03-01T13:55:24","slug":"plus-de-2-000-marocains-ont-deja-quitte-lukraine","status":"publish","type":"post","link":"https:\/\/linitiative.ca\/International\/plus-de-2-000-marocains-ont-deja-quitte-lukraine\/","title":{"rendered":"Plus de 2.000 Marocains ont d\u00e9j\u00e0 quitt\u00e9 l&rsquo;Ukraine"},"content":{"rendered":"<div>\n<div class=\"field field-name-body field-type-text-with-summary field-label-hidden\">\n<div class=\"field-items\">\n<div class=\"field-item even\" property=\"content:encoded\">\n<p>Le nombre des Marocains, qui ont quitt\u00e9 l\u2019Ukraine via les postes fronti\u00e8res, s\u2019est \u00e9lev\u00e9 mardi \u00e0 13h00, \u00e0 2.030 personnes, apprend-on aupr\u00e8s du Minist\u00e8re des Affaires \u00e9trang\u00e8res, de la Coop\u00e9ration africaine et des Marocains r\u00e9sidant \u00e0 l\u2019\u00e9tranger.\u00a0<\/p>\n<p>Appel\u00e9 \u00e0 \u00e9voluer, ce nombre est r\u00e9parti entre la Pologne (835 personnes), la Roumanie (549 personnes), la Hongrie (346 personnes) et la Slovaquie (300 personnes), pr\u00e9cise-t-on de m\u00eame source.<\/p>\n<\/div>\n<\/div>\n<\/div>\n<\/div>\n<p>Auteur: mbasraoui<br \/>\n<a href=\"https:\/\/www.leconomiste.com\/flash-infos\/plus-de-2-000-marocains-ont-deja-quitte-l-ukraine\">Cliquez ici pour lire l&rsquo;article depuis sa source.<\/a><\/p>\n","protected":false},"excerpt":{"rendered":"<p>Le nombre des Marocains, qui ont quitt\u00e9 l\u2019Ukraine via les postes fronti\u00e8res, s\u2019est \u00e9lev\u00e9 mardi \u00e0 13h00, \u00e0 2.030 personnes, apprend-on aupr\u00e8s du Minist\u00e8re des Affaires \u00e9trang\u00e8res, de la Coop\u00e9ration africaine et des Marocains r\u00e9sidant \u00e0 l\u2019\u00e9tranger.\u00a0 Appel\u00e9 \u00e0 \u00e9voluer, ce nombre est r\u00e9parti entre la Pologne (835 personnes), la Roumanie (549 personnes), la Hongrie [&hellip;]<\/p>\n","protected":false},"author":1763,"featured_media":0,"comment_status":"closed","ping_status":"closed","sticky":false,"template":"","format":"standard","meta":{"fifu_image_url":"","fifu_image_alt":"","footnotes":""},"categories":[78,54],"tags":[],"class_list":["post-142007","post","type-post","status-publish","format-standard","hentry","category-economie","category-maroc"],"_links":{"self":[{"href":"https:\/\/linitiative.ca\/International\/wp-json\/wp\/v2\/posts\/142007","targetHints":{"allow":["GET"]}}],"collection":[{"href":"https:\/\/linitiative.ca\/International\/wp-json\/wp\/v2\/posts"}],"about":[{"href":"https:\/\/linitiative.ca\/International\/wp-json\/wp\/v2\/types\/post"}],"author":[{"embeddable":true,"href":"https:\/\/linitiative.ca\/International\/wp-json\/wp\/v2\/users\/1763"}],"replies":[{"embeddable":true,"href":"https:\/\/linitiative.ca\/International\/wp-json\/wp\/v2\/comments?post=142007"}],"version-history":[{"count":0,"href":"https:\/\/linitiative.ca\/International\/wp-json\/wp\/v2\/posts\/142007\/revisions"}],"wp:attachment":[{"href":"https:\/\/linitiative.ca\/International\/wp-json\/wp\/v2\/media?parent=142007"}],"wp:term":[{"taxonomy":"category","embeddable":true,"href":"https:\/\/linitiative.ca\/International\/wp-json\/wp\/v2\/categories?post=142007"},{"taxonomy":"post_tag","embeddable":true,"href":"https:\/\/linitiative.ca\/International\/wp-json\/wp\/v2\/tags?post=142007"}],"curies":[{"name":"wp","href":"https:\/\/api.w.org\/{rel}","templated":true}]}}