{"id":142008,"date":"2022-03-01T08:58:53","date_gmt":"2022-03-01T13:58:53","guid":{"rendered":"https:\/\/linitiative.ca\/International\/collectivites-territoriales-34-milliards-de-dh-dexcedents-a-fin-2021\/"},"modified":"2022-03-01T08:58:53","modified_gmt":"2022-03-01T13:58:53","slug":"collectivites-territoriales-34-milliards-de-dh-dexcedents-a-fin-2021","status":"publish","type":"post","link":"https:\/\/linitiative.ca\/International\/collectivites-territoriales-34-milliards-de-dh-dexcedents-a-fin-2021\/","title":{"rendered":"Collectivit\u00e9s territoriales: 3,4 milliards de DH d\u2019exc\u00e9dents \u00e0 fin 2021"},"content":{"rendered":"<div>\n<div class=\"field field-name-body field-type-text-with-summary field-label-hidden\">\n<div class=\"field-items\">\n<div class=\"field-item even\" property=\"content:encoded\">\n<p class=\"rtejustify\">La situation provisoire des charges et ressources des collectivit\u00e9s territoriales d\u00e9gage un exc\u00e9dent global de 3,4 milliards de DH \u00e0 fin d\u00e9cembre 2021, contre un exc\u00e9dent global de 257 millions de DH enregistr\u00e9 un an auparavant, indique la Tr\u00e9sorerie g\u00e9n\u00e9rale du Royaume (TGR), dans son bulletin mensuel de statistiques des finances locales de d\u00e9cembre 2021.<\/p>\n<\/div>\n<\/div>\n<\/div>\n<\/div>\n<p>Auteur: mbasraoui<br \/>\n<a href=\"https:\/\/www.leconomiste.com\/flash-infos\/collectivites-territoriales-3-4-milliards-de-dh-d-excedents-fin-2021\">Cliquez ici pour lire l&rsquo;article depuis sa source.<\/a><\/p>\n","protected":false},"excerpt":{"rendered":"<p>La situation provisoire des charges et ressources des collectivit\u00e9s territoriales d\u00e9gage un exc\u00e9dent global de 3,4 milliards de DH \u00e0 fin d\u00e9cembre 2021, contre un exc\u00e9dent global de 257 millions de DH enregistr\u00e9 un an auparavant, indique la Tr\u00e9sorerie g\u00e9n\u00e9rale du Royaume (TGR), dans son bulletin mensuel de statistiques des finances locales de d\u00e9cembre 2021. [&hellip;]<\/p>\n","protected":false},"author":1763,"featured_media":0,"comment_status":"closed","ping_status":"closed","sticky":false,"template":"","format":"standard","meta":{"fifu_image_url":"","fifu_image_alt":"","footnotes":""},"categories":[78,54],"tags":[],"class_list":["post-142008","post","type-post","status-publish","format-standard","hentry","category-economie","category-maroc"],"_links":{"self":[{"href":"https:\/\/linitiative.ca\/International\/wp-json\/wp\/v2\/posts\/142008","targetHints":{"allow":["GET"]}}],"collection":[{"href":"https:\/\/linitiative.ca\/International\/wp-json\/wp\/v2\/posts"}],"about":[{"href":"https:\/\/linitiative.ca\/International\/wp-json\/wp\/v2\/types\/post"}],"author":[{"embeddable":true,"href":"https:\/\/linitiative.ca\/International\/wp-json\/wp\/v2\/users\/1763"}],"replies":[{"embeddable":true,"href":"https:\/\/linitiative.ca\/International\/wp-json\/wp\/v2\/comments?post=142008"}],"version-history":[{"count":0,"href":"https:\/\/linitiative.ca\/International\/wp-json\/wp\/v2\/posts\/142008\/revisions"}],"wp:attachment":[{"href":"https:\/\/linitiative.ca\/International\/wp-json\/wp\/v2\/media?parent=142008"}],"wp:term":[{"taxonomy":"category","embeddable":true,"href":"https:\/\/linitiative.ca\/International\/wp-json\/wp\/v2\/categories?post=142008"},{"taxonomy":"post_tag","embeddable":true,"href":"https:\/\/linitiative.ca\/International\/wp-json\/wp\/v2\/tags?post=142008"}],"curies":[{"name":"wp","href":"https:\/\/api.w.org\/{rel}","templated":true}]}}