{"id":142009,"date":"2022-03-01T10:32:10","date_gmt":"2022-03-01T15:32:10","guid":{"rendered":"https:\/\/linitiative.ca\/International\/marrakech-loffre-sanitaire-renforcee\/"},"modified":"2022-03-01T10:32:10","modified_gmt":"2022-03-01T15:32:10","slug":"marrakech-loffre-sanitaire-renforcee","status":"publish","type":"post","link":"https:\/\/linitiative.ca\/International\/marrakech-loffre-sanitaire-renforcee\/","title":{"rendered":"Marrakech: l\u2019offre sanitaire renforc\u00e9e"},"content":{"rendered":"<div>\n<div class=\"field field-name-body field-type-text-with-summary field-label-hidden\">\n<div class=\"field-items\">\n<div class=\"field-item even\" property=\"content:encoded\">\n<p class=\"rtejustify\">Marrakech dispose de nouvelles structures de sant\u00e9 qui ont \u00e9t\u00e9 inaugur\u00e9es ce mardi par Khalid Ait Taleb, le ministre de la Sant\u00e9 et de la protection sociale. Ces centres, au nombre de quatre, sont r\u00e9alis\u00e9s au niveau des arrondissements Menara, Gu\u00e9liz, Sidi Youssef Ben Ali et au quartier M\u2019hamid en vue d\u2019all\u00e9ger la pression sur les autres \u00e9tablissements sanitaires de la ville.<\/p>\n<\/div>\n<\/div>\n<\/div>\n<\/div>\n<p>Auteur: hgueye<br \/>\n<a href=\"https:\/\/www.leconomiste.com\/flash-infos\/marrakech-l-offre-sanitaire-renforcee\">Cliquez ici pour lire l&rsquo;article depuis sa source.<\/a><\/p>\n","protected":false},"excerpt":{"rendered":"<p>Marrakech dispose de nouvelles structures de sant\u00e9 qui ont \u00e9t\u00e9 inaugur\u00e9es ce mardi par Khalid Ait Taleb, le ministre de la Sant\u00e9 et de la protection sociale. Ces centres, au nombre de quatre, sont r\u00e9alis\u00e9s au niveau des arrondissements Menara, Gu\u00e9liz, Sidi Youssef Ben Ali et au quartier M\u2019hamid en vue d\u2019all\u00e9ger la pression sur [&hellip;]<\/p>\n","protected":false},"author":1763,"featured_media":0,"comment_status":"closed","ping_status":"closed","sticky":false,"template":"","format":"standard","meta":{"fifu_image_url":"","fifu_image_alt":"","footnotes":""},"categories":[78,54],"tags":[],"class_list":["post-142009","post","type-post","status-publish","format-standard","hentry","category-economie","category-maroc"],"_links":{"self":[{"href":"https:\/\/linitiative.ca\/International\/wp-json\/wp\/v2\/posts\/142009","targetHints":{"allow":["GET"]}}],"collection":[{"href":"https:\/\/linitiative.ca\/International\/wp-json\/wp\/v2\/posts"}],"about":[{"href":"https:\/\/linitiative.ca\/International\/wp-json\/wp\/v2\/types\/post"}],"author":[{"embeddable":true,"href":"https:\/\/linitiative.ca\/International\/wp-json\/wp\/v2\/users\/1763"}],"replies":[{"embeddable":true,"href":"https:\/\/linitiative.ca\/International\/wp-json\/wp\/v2\/comments?post=142009"}],"version-history":[{"count":0,"href":"https:\/\/linitiative.ca\/International\/wp-json\/wp\/v2\/posts\/142009\/revisions"}],"wp:attachment":[{"href":"https:\/\/linitiative.ca\/International\/wp-json\/wp\/v2\/media?parent=142009"}],"wp:term":[{"taxonomy":"category","embeddable":true,"href":"https:\/\/linitiative.ca\/International\/wp-json\/wp\/v2\/categories?post=142009"},{"taxonomy":"post_tag","embeddable":true,"href":"https:\/\/linitiative.ca\/International\/wp-json\/wp\/v2\/tags?post=142009"}],"curies":[{"name":"wp","href":"https:\/\/api.w.org\/{rel}","templated":true}]}}