{"id":142010,"date":"2022-03-01T10:33:44","date_gmt":"2022-03-01T15:33:44","guid":{"rendered":"https:\/\/linitiative.ca\/International\/covid-19-156-nouveaux-cas-et-6-deces-ce-mardi\/"},"modified":"2022-03-01T10:33:44","modified_gmt":"2022-03-01T15:33:44","slug":"covid-19-156-nouveaux-cas-et-6-deces-ce-mardi","status":"publish","type":"post","link":"https:\/\/linitiative.ca\/International\/covid-19-156-nouveaux-cas-et-6-deces-ce-mardi\/","title":{"rendered":"Covid-19: 156 nouveaux cas et 6 d\u00e9c\u00e8s ce mardi"},"content":{"rendered":"<div>\n<div class=\"field field-name-body field-type-text-with-summary field-label-hidden\">\n<div class=\"field-items\">\n<div class=\"field-item even\" property=\"content:encoded\">\n<p class=\"rtejustify\">Un total de <strong>156<\/strong> nouveaux cas d&rsquo;infection au nouveau coronavirus (Covid-19) et <strong>694<\/strong>\u00a0gu\u00e9risons a \u00e9t\u00e9 enregistr\u00e9 au Maroc dans les derni\u00e8res 24 heures, a indique mardi le minist\u00e8re de la Sant\u00e9 et de la Protection sociale qui fait \u00e9tat de <strong>6<\/strong> nouveaux d\u00e9c\u00e8s.<\/p>\n<\/div>\n<\/div>\n<\/div>\n<\/div>\n<p>Auteur: mbasraoui<br \/>\n<a href=\"https:\/\/www.leconomiste.com\/flash-infos\/covid-19-83-nouveaux-cas-et-10-deces-ce-mardi\">Cliquez ici pour lire l&rsquo;article depuis sa source.<\/a><\/p>\n","protected":false},"excerpt":{"rendered":"<p>Un total de 156 nouveaux cas d&rsquo;infection au nouveau coronavirus (Covid-19) et 694\u00a0gu\u00e9risons a \u00e9t\u00e9 enregistr\u00e9 au Maroc dans les derni\u00e8res 24 heures, a indique mardi le minist\u00e8re de la Sant\u00e9 et de la Protection sociale qui fait \u00e9tat de 6 nouveaux d\u00e9c\u00e8s. Auteur: mbasraoui Cliquez ici pour lire l&rsquo;article depuis sa source.<\/p>\n","protected":false},"author":1763,"featured_media":0,"comment_status":"closed","ping_status":"closed","sticky":false,"template":"","format":"standard","meta":{"fifu_image_url":"","fifu_image_alt":"","footnotes":""},"categories":[78,54],"tags":[],"class_list":["post-142010","post","type-post","status-publish","format-standard","hentry","category-economie","category-maroc"],"_links":{"self":[{"href":"https:\/\/linitiative.ca\/International\/wp-json\/wp\/v2\/posts\/142010","targetHints":{"allow":["GET"]}}],"collection":[{"href":"https:\/\/linitiative.ca\/International\/wp-json\/wp\/v2\/posts"}],"about":[{"href":"https:\/\/linitiative.ca\/International\/wp-json\/wp\/v2\/types\/post"}],"author":[{"embeddable":true,"href":"https:\/\/linitiative.ca\/International\/wp-json\/wp\/v2\/users\/1763"}],"replies":[{"embeddable":true,"href":"https:\/\/linitiative.ca\/International\/wp-json\/wp\/v2\/comments?post=142010"}],"version-history":[{"count":0,"href":"https:\/\/linitiative.ca\/International\/wp-json\/wp\/v2\/posts\/142010\/revisions"}],"wp:attachment":[{"href":"https:\/\/linitiative.ca\/International\/wp-json\/wp\/v2\/media?parent=142010"}],"wp:term":[{"taxonomy":"category","embeddable":true,"href":"https:\/\/linitiative.ca\/International\/wp-json\/wp\/v2\/categories?post=142010"},{"taxonomy":"post_tag","embeddable":true,"href":"https:\/\/linitiative.ca\/International\/wp-json\/wp\/v2\/tags?post=142010"}],"curies":[{"name":"wp","href":"https:\/\/api.w.org\/{rel}","templated":true}]}}