{"id":142011,"date":"2022-03-01T11:02:37","date_gmt":"2022-03-01T16:02:37","guid":{"rendered":"https:\/\/linitiative.ca\/International\/promotion-du-tourisme-le-plan-ammor-deploye-a-fes-meknes\/"},"modified":"2022-03-01T11:02:37","modified_gmt":"2022-03-01T16:02:37","slug":"promotion-du-tourisme-le-plan-ammor-deploye-a-fes-meknes","status":"publish","type":"post","link":"https:\/\/linitiative.ca\/International\/promotion-du-tourisme-le-plan-ammor-deploye-a-fes-meknes\/","title":{"rendered":"Promotion du tourisme: Le plan Ammor d\u00e9ploy\u00e9 \u00e0 F\u00e8s-Mekn\u00e8s"},"content":{"rendered":"<div>\n<div class=\"field field-name-body field-type-text-with-summary field-label-hidden\">\n<div class=\"field-items\">\n<div class=\"field-item even\" property=\"content:encoded\">\n<p class=\"rtejustify\">Fatim Zahra Ammor veut donner une impulsion \u00e0 l&rsquo;attractivit\u00e9 touristique de la r\u00e9gion de F\u00e8s-Mekn\u00e8s. C&rsquo;est ce qui ressort d&rsquo;une convention sign\u00e9e ce mardi 1er mars 2021 par la ministre du Tourisme d&rsquo;une part, et le wali de la r\u00e9gion, le DG de la SMIT, et le DG du CRI d&rsquo;autre part. Cet accord vise \u00e0 impulser les investissements et l&rsquo;attractivit\u00e9 touristiques du territoire Maroc Centre. Partenaire dans cette d\u00e9marche, Imad Barrakad, patron de la Soci\u00e9t\u00e9 marocaine d&rsquo;ing\u00e9nierie touristique (Smit) affiche de grandes ambitions pour la R\u00e9gion de F\u00e8s-Mekn\u00e8s.<\/p>\n<\/div>\n<\/div>\n<\/div>\n<\/div>\n<p>Auteur: hgueye<br \/>\n<a href=\"https:\/\/www.leconomiste.com\/flash-infos\/promotion-du-tourisme-le-plan-ammor-deploye-fes-meknes\">Cliquez ici pour lire l&rsquo;article depuis sa source.<\/a><\/p>\n","protected":false},"excerpt":{"rendered":"<p>Fatim Zahra Ammor veut donner une impulsion \u00e0 l&rsquo;attractivit\u00e9 touristique de la r\u00e9gion de F\u00e8s-Mekn\u00e8s. C&rsquo;est ce qui ressort d&rsquo;une convention sign\u00e9e ce mardi 1er mars 2021 par la ministre du Tourisme d&rsquo;une part, et le wali de la r\u00e9gion, le DG de la SMIT, et le DG du CRI d&rsquo;autre part. Cet accord vise [&hellip;]<\/p>\n","protected":false},"author":1763,"featured_media":0,"comment_status":"closed","ping_status":"closed","sticky":false,"template":"","format":"standard","meta":{"fifu_image_url":"","fifu_image_alt":"","footnotes":""},"categories":[78,54],"tags":[],"class_list":["post-142011","post","type-post","status-publish","format-standard","hentry","category-economie","category-maroc"],"_links":{"self":[{"href":"https:\/\/linitiative.ca\/International\/wp-json\/wp\/v2\/posts\/142011","targetHints":{"allow":["GET"]}}],"collection":[{"href":"https:\/\/linitiative.ca\/International\/wp-json\/wp\/v2\/posts"}],"about":[{"href":"https:\/\/linitiative.ca\/International\/wp-json\/wp\/v2\/types\/post"}],"author":[{"embeddable":true,"href":"https:\/\/linitiative.ca\/International\/wp-json\/wp\/v2\/users\/1763"}],"replies":[{"embeddable":true,"href":"https:\/\/linitiative.ca\/International\/wp-json\/wp\/v2\/comments?post=142011"}],"version-history":[{"count":0,"href":"https:\/\/linitiative.ca\/International\/wp-json\/wp\/v2\/posts\/142011\/revisions"}],"wp:attachment":[{"href":"https:\/\/linitiative.ca\/International\/wp-json\/wp\/v2\/media?parent=142011"}],"wp:term":[{"taxonomy":"category","embeddable":true,"href":"https:\/\/linitiative.ca\/International\/wp-json\/wp\/v2\/categories?post=142011"},{"taxonomy":"post_tag","embeddable":true,"href":"https:\/\/linitiative.ca\/International\/wp-json\/wp\/v2\/tags?post=142011"}],"curies":[{"name":"wp","href":"https:\/\/api.w.org\/{rel}","templated":true}]}}