{"id":142012,"date":"2022-03-01T02:36:00","date_gmt":"2022-03-01T07:36:00","guid":{"rendered":"https:\/\/linitiative.ca\/International\/psg-messi-mecontent-de-son-traitement-par-les-medias-francais\/"},"modified":"2022-03-01T02:36:00","modified_gmt":"2022-03-01T07:36:00","slug":"psg-messi-mecontent-de-son-traitement-par-les-medias-francais","status":"publish","type":"post","link":"https:\/\/linitiative.ca\/International\/psg-messi-mecontent-de-son-traitement-par-les-medias-francais\/","title":{"rendered":"PSG : Messi m\u00e9content de son traitement par les m\u00e9dias fran\u00e7ais"},"content":{"rendered":"<div>En France, Messi a d\u00e9couvert qu\u2019il n\u2019\u00e9tait pas la star intouchable qu\u2019il \u00e9tait en Liga. La presse fran\u00e7aise lui m\u00e8ne la vie dure&#8230;<\/div>\n<p>Auteur:<br \/>\n<a href=\"https:\/\/www.lebuteur.com\/article\/detail?titre=psg-messi-mecontent-de-son-traitement-par-les-medias-francais&#038;id=102404\">Cliquez ici pour lire l&rsquo;article depuis sa source.<\/a><\/p>\n","protected":false},"excerpt":{"rendered":"<p>En France, Messi a d\u00e9couvert qu\u2019il n\u2019\u00e9tait pas la star intouchable qu\u2019il \u00e9tait en Liga. La presse fran\u00e7aise lui m\u00e8ne la vie dure&#8230; Auteur: Cliquez ici pour lire l&rsquo;article depuis sa source.<\/p>\n","protected":false},"author":1738,"featured_media":0,"comment_status":"closed","ping_status":"closed","sticky":false,"template":"","format":"standard","meta":{"fifu_image_url":"","fifu_image_alt":"","footnotes":""},"categories":[53,75],"tags":[],"class_list":["post-142012","post","type-post","status-publish","format-standard","hentry","category-algerie","category-sport"],"_links":{"self":[{"href":"https:\/\/linitiative.ca\/International\/wp-json\/wp\/v2\/posts\/142012","targetHints":{"allow":["GET"]}}],"collection":[{"href":"https:\/\/linitiative.ca\/International\/wp-json\/wp\/v2\/posts"}],"about":[{"href":"https:\/\/linitiative.ca\/International\/wp-json\/wp\/v2\/types\/post"}],"author":[{"embeddable":true,"href":"https:\/\/linitiative.ca\/International\/wp-json\/wp\/v2\/users\/1738"}],"replies":[{"embeddable":true,"href":"https:\/\/linitiative.ca\/International\/wp-json\/wp\/v2\/comments?post=142012"}],"version-history":[{"count":0,"href":"https:\/\/linitiative.ca\/International\/wp-json\/wp\/v2\/posts\/142012\/revisions"}],"wp:attachment":[{"href":"https:\/\/linitiative.ca\/International\/wp-json\/wp\/v2\/media?parent=142012"}],"wp:term":[{"taxonomy":"category","embeddable":true,"href":"https:\/\/linitiative.ca\/International\/wp-json\/wp\/v2\/categories?post=142012"},{"taxonomy":"post_tag","embeddable":true,"href":"https:\/\/linitiative.ca\/International\/wp-json\/wp\/v2\/tags?post=142012"}],"curies":[{"name":"wp","href":"https:\/\/api.w.org\/{rel}","templated":true}]}}