{"id":142015,"date":"2022-03-01T08:30:00","date_gmt":"2022-03-01T13:30:00","guid":{"rendered":"https:\/\/linitiative.ca\/International\/chelsea-christensen-proche-du-barca\/"},"modified":"2022-03-01T08:30:00","modified_gmt":"2022-03-01T13:30:00","slug":"chelsea-christensen-proche-du-barca","status":"publish","type":"post","link":"https:\/\/linitiative.ca\/International\/chelsea-christensen-proche-du-barca\/","title":{"rendered":"Chelsea : Christensen proche du Bar\u00e7a"},"content":{"rendered":"<div>En fin de contrat en juin prochain, Andreas Christensen n&rsquo;a jamais \u00e9t\u00e9 aussi proche d&rsquo;un d\u00e9part de Chelsea.<\/div>\n<p>Auteur:<br \/>\n<a href=\"https:\/\/www.lebuteur.com\/article\/detail?titre=chelsea-christensen-proche-du-barca&#038;id=102407\">Cliquez ici pour lire l&rsquo;article depuis sa source.<\/a><\/p>\n","protected":false},"excerpt":{"rendered":"<p>En fin de contrat en juin prochain, Andreas Christensen n&rsquo;a jamais \u00e9t\u00e9 aussi proche d&rsquo;un d\u00e9part de Chelsea. Auteur: Cliquez ici pour lire l&rsquo;article depuis sa source.<\/p>\n","protected":false},"author":1738,"featured_media":0,"comment_status":"closed","ping_status":"closed","sticky":false,"template":"","format":"standard","meta":{"fifu_image_url":"","fifu_image_alt":"","footnotes":""},"categories":[53,75],"tags":[],"class_list":["post-142015","post","type-post","status-publish","format-standard","hentry","category-algerie","category-sport"],"_links":{"self":[{"href":"https:\/\/linitiative.ca\/International\/wp-json\/wp\/v2\/posts\/142015","targetHints":{"allow":["GET"]}}],"collection":[{"href":"https:\/\/linitiative.ca\/International\/wp-json\/wp\/v2\/posts"}],"about":[{"href":"https:\/\/linitiative.ca\/International\/wp-json\/wp\/v2\/types\/post"}],"author":[{"embeddable":true,"href":"https:\/\/linitiative.ca\/International\/wp-json\/wp\/v2\/users\/1738"}],"replies":[{"embeddable":true,"href":"https:\/\/linitiative.ca\/International\/wp-json\/wp\/v2\/comments?post=142015"}],"version-history":[{"count":0,"href":"https:\/\/linitiative.ca\/International\/wp-json\/wp\/v2\/posts\/142015\/revisions"}],"wp:attachment":[{"href":"https:\/\/linitiative.ca\/International\/wp-json\/wp\/v2\/media?parent=142015"}],"wp:term":[{"taxonomy":"category","embeddable":true,"href":"https:\/\/linitiative.ca\/International\/wp-json\/wp\/v2\/categories?post=142015"},{"taxonomy":"post_tag","embeddable":true,"href":"https:\/\/linitiative.ca\/International\/wp-json\/wp\/v2\/tags?post=142015"}],"curies":[{"name":"wp","href":"https:\/\/api.w.org\/{rel}","templated":true}]}}