{"id":142019,"date":"2022-03-01T02:30:00","date_gmt":"2022-03-01T07:30:00","guid":{"rendered":"https:\/\/linitiative.ca\/International\/ledito-de-taoufik-habaieb-lugtt-face-a-une-lourde-responsabilite\/"},"modified":"2022-03-01T02:30:00","modified_gmt":"2022-03-01T07:30:00","slug":"ledito-de-taoufik-habaieb-lugtt-face-a-une-lourde-responsabilite","status":"publish","type":"post","link":"https:\/\/linitiative.ca\/International\/ledito-de-taoufik-habaieb-lugtt-face-a-une-lourde-responsabilite\/","title":{"rendered":"L\u2019\u00e9dito de Taoufik Habaieb: L\u2019Ugtt face \u00e0 une lourde responsabilit\u00e9"},"content":{"rendered":"<div><img decoding=\"async\" src=\"https:\/\/linitiative.ca\/International\/wp-content\/uploads\/sites\/23\/2022\/03\/1646065021_article.jpg\" alt=\"L\u2019\u00e9dito de Taoufik Habaieb: L\u2019Ugtt face \u00e0 une lourde responsabilit\u00e9\" align=\"left\">La force d\u2019impulsion des r\u00e9formes politiques et \u00e9conomiques viendra-t-elle de l\u2019Ugtt ? Parvenue \u00e0 surmonter ses dissensions internes et r\u00e9ussir son 25e congr\u00e8s, la centrale ouvri\u00e8re historique entend peser de tout son poids sur la sc\u00e8ne tunisienne. Ses motions \u2014 g\u00e9n\u00e9rale et professionnelle\u2014 l\u2019affirment clairement, fixant au nouveau bureau ex\u00e9cutif un mandat aussi fourni que pr\u00e9cis.<br \/>\nL\u2019institutionnel vient en t\u00eate des pr\u00e9occupations, parall\u00e8lement \u00e0 l\u2019\u00e9conomique et au social. La r\u00e9forme du syst\u00e8me politique ainsi que la r\u00e9vision de la loi \u00e9lectorale, de la loi sur les associations, du code des collectivit\u00e9s locales et des instances sup\u00e9rieures, \u00e0 &#8230;<\/p>\n<\/div>\n<p>Auteur:<br \/>\n<a href=\"https:\/\/www.leaders.com.tn\/article\/33016-l-edito-de-taoufik-habaieb-l-ugtt-face-a-une-lourde-responsabilite\">Cliquez ici pour lire l&rsquo;article depuis sa source.<\/a><\/p>\n","protected":false},"excerpt":{"rendered":"<p>La force d\u2019impulsion des r\u00e9formes politiques et \u00e9conomiques viendra-t-elle de l\u2019Ugtt ? Parvenue \u00e0 surmonter ses dissensions internes et r\u00e9ussir son 25e congr\u00e8s, la centrale ouvri\u00e8re historique entend peser de tout son poids sur la sc\u00e8ne tunisienne. Ses motions \u2014 g\u00e9n\u00e9rale et professionnelle\u2014 l\u2019affirment clairement, fixant au nouveau bureau ex\u00e9cutif un mandat aussi fourni que [&hellip;]<\/p>\n","protected":false},"author":1772,"featured_media":0,"comment_status":"closed","ping_status":"closed","sticky":false,"template":"","format":"standard","meta":{"fifu_image_url":"http:\/\/www.leaders.com.tn\/uploads\/content\/thumbnails_small\/1646065021_article.jpg","fifu_image_alt":"L\u2019\u00e9dito de Taoufik Habaieb: L\u2019Ugtt face \u00e0 une lourde responsabilit\u00e9","footnotes":""},"categories":[73,55],"tags":[],"class_list":["post-142019","post","type-post","status-publish","format-standard","hentry","category-actualite","category-tunisie"],"_links":{"self":[{"href":"https:\/\/linitiative.ca\/International\/wp-json\/wp\/v2\/posts\/142019","targetHints":{"allow":["GET"]}}],"collection":[{"href":"https:\/\/linitiative.ca\/International\/wp-json\/wp\/v2\/posts"}],"about":[{"href":"https:\/\/linitiative.ca\/International\/wp-json\/wp\/v2\/types\/post"}],"author":[{"embeddable":true,"href":"https:\/\/linitiative.ca\/International\/wp-json\/wp\/v2\/users\/1772"}],"replies":[{"embeddable":true,"href":"https:\/\/linitiative.ca\/International\/wp-json\/wp\/v2\/comments?post=142019"}],"version-history":[{"count":0,"href":"https:\/\/linitiative.ca\/International\/wp-json\/wp\/v2\/posts\/142019\/revisions"}],"wp:attachment":[{"href":"https:\/\/linitiative.ca\/International\/wp-json\/wp\/v2\/media?parent=142019"}],"wp:term":[{"taxonomy":"category","embeddable":true,"href":"https:\/\/linitiative.ca\/International\/wp-json\/wp\/v2\/categories?post=142019"},{"taxonomy":"post_tag","embeddable":true,"href":"https:\/\/linitiative.ca\/International\/wp-json\/wp\/v2\/tags?post=142019"}],"curies":[{"name":"wp","href":"https:\/\/api.w.org\/{rel}","templated":true}]}}