{"id":142023,"date":"2022-03-01T10:32:00","date_gmt":"2022-03-01T15:32:00","guid":{"rendered":"https:\/\/linitiative.ca\/International\/la-restructuration-du-systeme-de-financement-de-leconomie-tunisienne-la-finance-citoyenne-solidaire-et-participative\/"},"modified":"2022-03-01T10:32:00","modified_gmt":"2022-03-01T15:32:00","slug":"la-restructuration-du-systeme-de-financement-de-leconomie-tunisienne-la-finance-citoyenne-solidaire-et-participative","status":"publish","type":"post","link":"https:\/\/linitiative.ca\/International\/la-restructuration-du-systeme-de-financement-de-leconomie-tunisienne-la-finance-citoyenne-solidaire-et-participative\/","title":{"rendered":"La restructuration du syst\u00e8me de financement de l\u2019\u00e9conomie Tunisienne: La finance citoyenne solidaire, et participative"},"content":{"rendered":"<div><img decoding=\"async\" src=\"https:\/\/linitiative.ca\/International\/wp-content\/uploads\/sites\/23\/2022\/03\/1646153181_article.jpg\" alt=\"La restructuration du syst\u00e8me de financement de l\u2019\u00e9conomie Tunisienne: La finance citoyenne solidaire, et participative\" align=\"left\">Par Habiba Nasraoui Ben Mrad<br \/>\nI- Pourquoi une restructuration du syst\u00e8me de financement de l\u2019\u00e9conomie Tunisienne?<br \/>\nL\u2019inefficacit\u00e9 du syst\u00e8me de financement de l\u2019\u00e9conomie Tunisienne au vu de la fragilit\u00e9 de son tissu \u00e9conomique est un r\u00e9sultat sans appel, une restructuration de ce syst\u00e8me est donc plus que n\u00e9cessaire. Quelles sont donc ces caract\u00e9ristiques, et pourquoi le tissu \u00e9conomique est-il si fragile. C\u2019est ce \u00e0 quoi nous essayerons de r\u00e9pondre en proposant de nouveaux m\u00e9canismes, de nouvelles structures et de nouveaux dispositifs de financement.<br \/>\n1- Les modalit\u00e9s de financement de l\u2019\u00e9conomie tunisienne: celles d\u2019une \u00e9conomie d\u2019endettement<br \/>\nNul &#8230;<\/p>\n<\/div>\n<p>Auteur:<br \/>\n<a href=\"https:\/\/www.leaders.com.tn\/article\/33023-la-restructuration-du-systeme-de-financement-de-l-economie-tunisienne-la-finance-citoyenne-solidaire-et-participative\">Cliquez ici pour lire l&rsquo;article depuis sa source.<\/a><\/p>\n","protected":false},"excerpt":{"rendered":"<p>Par Habiba Nasraoui Ben Mrad I- Pourquoi une restructuration du syst\u00e8me de financement de l\u2019\u00e9conomie Tunisienne? L\u2019inefficacit\u00e9 du syst\u00e8me de financement de l\u2019\u00e9conomie Tunisienne au vu de la fragilit\u00e9 de son tissu \u00e9conomique est un r\u00e9sultat sans appel, une restructuration de ce syst\u00e8me est donc plus que n\u00e9cessaire. Quelles sont donc ces caract\u00e9ristiques, et pourquoi [&hellip;]<\/p>\n","protected":false},"author":1772,"featured_media":0,"comment_status":"closed","ping_status":"closed","sticky":false,"template":"","format":"standard","meta":{"fifu_image_url":"http:\/\/www.leaders.com.tn\/uploads\/content\/thumbnails_small\/1646153181_article.jpg","fifu_image_alt":"La restructuration du syst\u00e8me de financement de l\u2019\u00e9conomie Tunisienne: La finance citoyenne solidaire, et participative","footnotes":""},"categories":[73,55],"tags":[],"class_list":["post-142023","post","type-post","status-publish","format-standard","hentry","category-actualite","category-tunisie"],"_links":{"self":[{"href":"https:\/\/linitiative.ca\/International\/wp-json\/wp\/v2\/posts\/142023","targetHints":{"allow":["GET"]}}],"collection":[{"href":"https:\/\/linitiative.ca\/International\/wp-json\/wp\/v2\/posts"}],"about":[{"href":"https:\/\/linitiative.ca\/International\/wp-json\/wp\/v2\/types\/post"}],"author":[{"embeddable":true,"href":"https:\/\/linitiative.ca\/International\/wp-json\/wp\/v2\/users\/1772"}],"replies":[{"embeddable":true,"href":"https:\/\/linitiative.ca\/International\/wp-json\/wp\/v2\/comments?post=142023"}],"version-history":[{"count":0,"href":"https:\/\/linitiative.ca\/International\/wp-json\/wp\/v2\/posts\/142023\/revisions"}],"wp:attachment":[{"href":"https:\/\/linitiative.ca\/International\/wp-json\/wp\/v2\/media?parent=142023"}],"wp:term":[{"taxonomy":"category","embeddable":true,"href":"https:\/\/linitiative.ca\/International\/wp-json\/wp\/v2\/categories?post=142023"},{"taxonomy":"post_tag","embeddable":true,"href":"https:\/\/linitiative.ca\/International\/wp-json\/wp\/v2\/tags?post=142023"}],"curies":[{"name":"wp","href":"https:\/\/api.w.org\/{rel}","templated":true}]}}