{"id":142025,"date":"2022-03-01T11:55:00","date_gmt":"2022-03-01T16:55:00","guid":{"rendered":"https:\/\/linitiative.ca\/International\/ukraine-latnu-exprime-sa-vive-preoccupation-au-sujet-de-la-guerre-et-appelle-a-la-poursuite-du-rapatriement-des-tunisiens\/"},"modified":"2022-03-01T11:55:00","modified_gmt":"2022-03-01T16:55:00","slug":"ukraine-latnu-exprime-sa-vive-preoccupation-au-sujet-de-la-guerre-et-appelle-a-la-poursuite-du-rapatriement-des-tunisiens","status":"publish","type":"post","link":"https:\/\/linitiative.ca\/International\/ukraine-latnu-exprime-sa-vive-preoccupation-au-sujet-de-la-guerre-et-appelle-a-la-poursuite-du-rapatriement-des-tunisiens\/","title":{"rendered":"Ukraine : l\u2019ATNU exprime sa vive pr\u00e9occupation au sujet de la guerre et appelle \u00e0 la poursuite du rapatriement des tunisiens"},"content":{"rendered":"<div><img decoding=\"async\" src=\"https:\/\/linitiative.ca\/International\/wp-content\/uploads\/sites\/23\/2022\/03\/1646151259_article.jpg\" alt=\"Ukraine : l\u2019ATNU exprime sa vive pr\u00e9occupation au sujet de la guerre et appelle \u00e0 la poursuite du rapatriement des tunisiens\" align=\"left\">L\u2019Association Tunisienne pour les Nations Unies (ATNU), qui \u0153uvre afin de promouvoir les principes et les buts consacr\u00e9s dans la Charte des Nations Unies, suit avec la plus grande inqui\u00e9tude l\u2019attaque arm\u00e9e de la Russie contre son voisin l\u2019Ukraine, en contradiction avec le paragraphe 4 de l\u2019article 2 de la Charte des Nations unies disposant que \u00abtous les membres doivent s\u2019abstenir dans leurs relations internationales de recourir \u00e0 la menace ou \u00e0 la force contre l\u2019int\u00e9grit\u00e9 territoriale ou l\u2019ind\u00e9pendance politique de tout \u00c9tat\u00bb.<br \/>\nL\u2019ATNU appelle \u00e0 un cessez-le-feu imm\u00e9diat et \u00e0 la primaut\u00e9 du dialogue diplomatique pour r\u00e9soudre les conflits, \u00e9vitant ainsi de &#8230;<\/p>\n<\/div>\n<p>Auteur:<br \/>\n<a href=\"https:\/\/www.leaders.com.tn\/article\/33024-ukraine-l-atnu-exprime-sa-vive-preoccupation-au-sujet-de-la-guerre-et-appelle-a-la-poursuite-du-rapatriement-des-tunisiens\">Cliquez ici pour lire l&rsquo;article depuis sa source.<\/a><\/p>\n","protected":false},"excerpt":{"rendered":"<p>L\u2019Association Tunisienne pour les Nations Unies (ATNU), qui \u0153uvre afin de promouvoir les principes et les buts consacr\u00e9s dans la Charte des Nations Unies, suit avec la plus grande inqui\u00e9tude l\u2019attaque arm\u00e9e de la Russie contre son voisin l\u2019Ukraine, en contradiction avec le paragraphe 4 de l\u2019article 2 de la Charte des Nations unies disposant [&hellip;]<\/p>\n","protected":false},"author":1772,"featured_media":0,"comment_status":"closed","ping_status":"closed","sticky":false,"template":"","format":"standard","meta":{"fifu_image_url":"http:\/\/www.leaders.com.tn\/uploads\/content\/thumbnails_small\/1646151259_article.jpg","fifu_image_alt":"Ukraine : l\u2019ATNU exprime sa vive pr\u00e9occupation au sujet de la guerre et appelle \u00e0 la poursuite du rapatriement des tunisiens","footnotes":""},"categories":[73,55],"tags":[],"class_list":["post-142025","post","type-post","status-publish","format-standard","hentry","category-actualite","category-tunisie"],"_links":{"self":[{"href":"https:\/\/linitiative.ca\/International\/wp-json\/wp\/v2\/posts\/142025","targetHints":{"allow":["GET"]}}],"collection":[{"href":"https:\/\/linitiative.ca\/International\/wp-json\/wp\/v2\/posts"}],"about":[{"href":"https:\/\/linitiative.ca\/International\/wp-json\/wp\/v2\/types\/post"}],"author":[{"embeddable":true,"href":"https:\/\/linitiative.ca\/International\/wp-json\/wp\/v2\/users\/1772"}],"replies":[{"embeddable":true,"href":"https:\/\/linitiative.ca\/International\/wp-json\/wp\/v2\/comments?post=142025"}],"version-history":[{"count":0,"href":"https:\/\/linitiative.ca\/International\/wp-json\/wp\/v2\/posts\/142025\/revisions"}],"wp:attachment":[{"href":"https:\/\/linitiative.ca\/International\/wp-json\/wp\/v2\/media?parent=142025"}],"wp:term":[{"taxonomy":"category","embeddable":true,"href":"https:\/\/linitiative.ca\/International\/wp-json\/wp\/v2\/categories?post=142025"},{"taxonomy":"post_tag","embeddable":true,"href":"https:\/\/linitiative.ca\/International\/wp-json\/wp\/v2\/tags?post=142025"}],"curies":[{"name":"wp","href":"https:\/\/api.w.org\/{rel}","templated":true}]}}