{"id":142027,"date":"2022-03-01T08:39:08","date_gmt":"2022-03-01T13:39:08","guid":{"rendered":"https:\/\/linitiative.ca\/International\/covid-19-le-ministere-de-la-sante-annonce-la-fin-de-la-vague-omicron\/"},"modified":"2022-03-01T08:39:08","modified_gmt":"2022-03-01T13:39:08","slug":"covid-19-le-ministere-de-la-sante-annonce-la-fin-de-la-vague-omicron","status":"publish","type":"post","link":"https:\/\/linitiative.ca\/International\/covid-19-le-ministere-de-la-sante-annonce-la-fin-de-la-vague-omicron\/","title":{"rendered":"Covid-19. Le minist\u00e8re de la Sant\u00e9 annonce la fin de la vague Omicron"},"content":{"rendered":"<div><img decoding=\"async\" width=\"675\" height=\"400\" src=\"https:\/\/linitiative.ca\/International\/wp-content\/uploads\/sites\/23\/2022\/03\/covi.jpeg\" class=\"attachment-post-thumbnail size-post-thumbnail wp-post-image\" alt=\"\" loading=\"lazy\" srcset=\"https:\/\/linitiative.ca\/International\/wp-content\/uploads\/sites\/23\/2022\/03\/covi.jpeg 675w, https:\/\/www.challenge.ma\/wp-content\/uploads\/2021\/11\/covi-300x178.jpeg 300w, https:\/\/www.challenge.ma\/wp-content\/uploads\/2021\/11\/covi-360x213.jpeg 360w\" sizes=\"auto, (max-width: 675px) 100vw, 675px\" itemprop=\"image\">Le Maroc annonce la fin de la vague Omicron sur le territoire national. Bonne nouvelle. Le minist\u00e8re de la Sant\u00e9 annonce la fin de la vague Omicron, deux semaines apr\u00e8s avoir class\u00e9 le pays en vert en termes de propagation. En effet, lors de la pr\u00e9sentation du bilan bimensuel du<\/div>\n<p>Auteur: challenge<br \/>\n<a href=\"https:\/\/www.challenge.ma\/covid-19-le-ministere-de-la-sante-annonce-la-fin-de-la-vague-omicron-233555\/\">Cliquez ici pour lire l&rsquo;article depuis sa source.<\/a><\/p>\n","protected":false},"excerpt":{"rendered":"<p>Le Maroc annonce la fin de la vague Omicron sur le territoire national. Bonne nouvelle. Le minist\u00e8re de la Sant\u00e9 annonce la fin de la vague Omicron, deux semaines apr\u00e8s avoir class\u00e9 le pays en vert en termes de propagation. En effet, lors de la pr\u00e9sentation du bilan bimensuel du Auteur: challenge Cliquez ici pour [&hellip;]<\/p>\n","protected":false},"author":1787,"featured_media":0,"comment_status":"closed","ping_status":"closed","sticky":false,"template":"","format":"standard","meta":{"fifu_image_url":"https:\/\/www.challenge.ma\/wp-content\/uploads\/2021\/11\/covi.jpeg","fifu_image_alt":"Covid-19. Le minist\u00e8re de la Sant\u00e9 annonce la fin de la vague Omicron","footnotes":""},"categories":[78,54],"tags":[],"class_list":["post-142027","post","type-post","status-publish","format-standard","hentry","category-economie","category-maroc"],"_links":{"self":[{"href":"https:\/\/linitiative.ca\/International\/wp-json\/wp\/v2\/posts\/142027","targetHints":{"allow":["GET"]}}],"collection":[{"href":"https:\/\/linitiative.ca\/International\/wp-json\/wp\/v2\/posts"}],"about":[{"href":"https:\/\/linitiative.ca\/International\/wp-json\/wp\/v2\/types\/post"}],"author":[{"embeddable":true,"href":"https:\/\/linitiative.ca\/International\/wp-json\/wp\/v2\/users\/1787"}],"replies":[{"embeddable":true,"href":"https:\/\/linitiative.ca\/International\/wp-json\/wp\/v2\/comments?post=142027"}],"version-history":[{"count":0,"href":"https:\/\/linitiative.ca\/International\/wp-json\/wp\/v2\/posts\/142027\/revisions"}],"wp:attachment":[{"href":"https:\/\/linitiative.ca\/International\/wp-json\/wp\/v2\/media?parent=142027"}],"wp:term":[{"taxonomy":"category","embeddable":true,"href":"https:\/\/linitiative.ca\/International\/wp-json\/wp\/v2\/categories?post=142027"},{"taxonomy":"post_tag","embeddable":true,"href":"https:\/\/linitiative.ca\/International\/wp-json\/wp\/v2\/tags?post=142027"}],"curies":[{"name":"wp","href":"https:\/\/api.w.org\/{rel}","templated":true}]}}