{"id":142029,"date":"2022-03-01T10:21:35","date_gmt":"2022-03-01T15:21:35","guid":{"rendered":"https:\/\/linitiative.ca\/International\/crise-en-ukraine-le-maroc-sengage-a-rapatrier-les-etudiants-mauritaniens\/"},"modified":"2022-03-01T10:21:35","modified_gmt":"2022-03-01T15:21:35","slug":"crise-en-ukraine-le-maroc-sengage-a-rapatrier-les-etudiants-mauritaniens","status":"publish","type":"post","link":"https:\/\/linitiative.ca\/International\/crise-en-ukraine-le-maroc-sengage-a-rapatrier-les-etudiants-mauritaniens\/","title":{"rendered":"Crise en Ukraine : Le Maroc s\u2019engage \u00e0 rapatrier les \u00e9tudiants mauritaniens"},"content":{"rendered":"<div><img decoding=\"async\" width=\"565\" height=\"256\" src=\"https:\/\/linitiative.ca\/International\/wp-content\/uploads\/sites\/23\/2022\/03\/rapp.jpg\" class=\"attachment-post-thumbnail size-post-thumbnail wp-post-image\" alt=\"\" loading=\"lazy\" srcset=\"https:\/\/linitiative.ca\/International\/wp-content\/uploads\/sites\/23\/2022\/03\/rapp.jpg 565w, https:\/\/www.challenge.ma\/wp-content\/uploads\/2022\/03\/rapp-300x136.jpg 300w, https:\/\/www.challenge.ma\/wp-content\/uploads\/2022\/03\/rapp-360x163.jpg 360w\" sizes=\"auto, (max-width: 565px) 100vw, 565px\" itemprop=\"image\">Le Maroc s\u2019est engag\u00e9 \u00e0 rapatrier les \u00e9tudiants mauritaniens avec les siens bloqu\u00e9s en Ukraine. C\u2019est ce que rev\u00e8le un communique du minist\u00e8re mauritanien des Affaires \u00e9trang\u00e8res et de la Coop\u00e9ration et des Mauritaniens \u00e0 l\u2019Ext\u00e9rieur, selon lequel, le ministre\u00a0Ismail Ould Cheikh Ahmed a obtenu ces assurances, au cours d\u2019un<\/div>\n<p>Auteur: challenge<br \/>\n<a href=\"https:\/\/www.challenge.ma\/crise-en-ukraine-le-maroc-sengage-a-rapatrier-les-etudiants-mauritaniens-233553\/\">Cliquez ici pour lire l&rsquo;article depuis sa source.<\/a><\/p>\n","protected":false},"excerpt":{"rendered":"<p>Le Maroc s\u2019est engag\u00e9 \u00e0 rapatrier les \u00e9tudiants mauritaniens avec les siens bloqu\u00e9s en Ukraine. C\u2019est ce que rev\u00e8le un communique du minist\u00e8re mauritanien des Affaires \u00e9trang\u00e8res et de la Coop\u00e9ration et des Mauritaniens \u00e0 l\u2019Ext\u00e9rieur, selon lequel, le ministre\u00a0Ismail Ould Cheikh Ahmed a obtenu ces assurances, au cours d\u2019un Auteur: challenge Cliquez ici pour [&hellip;]<\/p>\n","protected":false},"author":1787,"featured_media":0,"comment_status":"closed","ping_status":"closed","sticky":false,"template":"","format":"standard","meta":{"fifu_image_url":"https:\/\/www.challenge.ma\/wp-content\/uploads\/2022\/03\/rapp.jpg","fifu_image_alt":"Crise en Ukraine : Le Maroc s\u2019engage \u00e0 rapatrier les \u00e9tudiants mauritaniens","footnotes":""},"categories":[78,54],"tags":[],"class_list":["post-142029","post","type-post","status-publish","format-standard","hentry","category-economie","category-maroc"],"_links":{"self":[{"href":"https:\/\/linitiative.ca\/International\/wp-json\/wp\/v2\/posts\/142029","targetHints":{"allow":["GET"]}}],"collection":[{"href":"https:\/\/linitiative.ca\/International\/wp-json\/wp\/v2\/posts"}],"about":[{"href":"https:\/\/linitiative.ca\/International\/wp-json\/wp\/v2\/types\/post"}],"author":[{"embeddable":true,"href":"https:\/\/linitiative.ca\/International\/wp-json\/wp\/v2\/users\/1787"}],"replies":[{"embeddable":true,"href":"https:\/\/linitiative.ca\/International\/wp-json\/wp\/v2\/comments?post=142029"}],"version-history":[{"count":0,"href":"https:\/\/linitiative.ca\/International\/wp-json\/wp\/v2\/posts\/142029\/revisions"}],"wp:attachment":[{"href":"https:\/\/linitiative.ca\/International\/wp-json\/wp\/v2\/media?parent=142029"}],"wp:term":[{"taxonomy":"category","embeddable":true,"href":"https:\/\/linitiative.ca\/International\/wp-json\/wp\/v2\/categories?post=142029"},{"taxonomy":"post_tag","embeddable":true,"href":"https:\/\/linitiative.ca\/International\/wp-json\/wp\/v2\/tags?post=142029"}],"curies":[{"name":"wp","href":"https:\/\/api.w.org\/{rel}","templated":true}]}}