{"id":142037,"date":"2022-03-01T15:58:06","date_gmt":"2022-03-01T20:58:06","guid":{"rendered":"https:\/\/linitiative.ca\/International\/tunisie-les-salaries-de-linlucc-en-sit-in-ouvert-pres-du-palais-de-carthage\/"},"modified":"2022-03-01T15:58:06","modified_gmt":"2022-03-01T20:58:06","slug":"tunisie-les-salaries-de-linlucc-en-sit-in-ouvert-pres-du-palais-de-carthage","status":"publish","type":"post","link":"https:\/\/linitiative.ca\/International\/tunisie-les-salaries-de-linlucc-en-sit-in-ouvert-pres-du-palais-de-carthage\/","title":{"rendered":"Tunisie \u2013 Les salari\u00e9s de l\u2019INLUCC en sit-in ouvert pr\u00e8s du palais de Carthage"},"content":{"rendered":"<div>\n<p>Les salari\u00e9s de l\u2019INLUCC, ferm\u00e9e sur ordre pr\u00e9sidentiel, depuis plusieurs mois, ont d\u00e9cid\u00e9 de tenir un sit-in ouvert, pr\u00e8s du palais pr\u00e9sidentiel de Carthage. Et ce, pour protester contre leur situation financi\u00e8re, dont ils ont fait part, depuis la fin de leurs contrats \u00e0 la fin de d\u00e9cembre dernier.<\/p>\n<p>L\u2019article <a href=\"https:\/\/www.tunisienumerique.com\/tunisie-les-salaries-de-linlucc-en-sit-in-ouvert-pres-du-palais-de-carthage\/\">Tunisie \u2013 Les salari\u00e9s de l\u2019INLUCC en sit-in ouvert pr\u00e8s du palais de Carthage<\/a> est apparu en premier sur <a href=\"https:\/\/www.tunisienumerique.com\/\">Tunisie<\/a>.<\/p>\n<\/div>\n<p>Auteur: LM<br \/>\n<a href=\"https:\/\/www.tunisienumerique.com\/tunisie-les-salaries-de-linlucc-en-sit-in-ouvert-pres-du-palais-de-carthage\/\">Cliquez ici pour lire l&rsquo;article depuis sa source.<\/a><\/p>\n","protected":false},"excerpt":{"rendered":"<p>Les salari\u00e9s de l\u2019INLUCC, ferm\u00e9e sur ordre pr\u00e9sidentiel, depuis plusieurs mois, ont d\u00e9cid\u00e9 de tenir un sit-in ouvert, pr\u00e8s du palais pr\u00e9sidentiel de Carthage. Et ce, pour protester contre leur situation financi\u00e8re, dont ils ont fait part, depuis la fin de leurs contrats \u00e0 la fin de d\u00e9cembre dernier. L\u2019article Tunisie \u2013 Les salari\u00e9s de [&hellip;]<\/p>\n","protected":false},"author":1789,"featured_media":0,"comment_status":"closed","ping_status":"closed","sticky":false,"template":"","format":"standard","meta":{"fifu_image_url":"","fifu_image_alt":"","footnotes":""},"categories":[73,55],"tags":[],"class_list":["post-142037","post","type-post","status-publish","format-standard","hentry","category-actualite","category-tunisie"],"_links":{"self":[{"href":"https:\/\/linitiative.ca\/International\/wp-json\/wp\/v2\/posts\/142037","targetHints":{"allow":["GET"]}}],"collection":[{"href":"https:\/\/linitiative.ca\/International\/wp-json\/wp\/v2\/posts"}],"about":[{"href":"https:\/\/linitiative.ca\/International\/wp-json\/wp\/v2\/types\/post"}],"author":[{"embeddable":true,"href":"https:\/\/linitiative.ca\/International\/wp-json\/wp\/v2\/users\/1789"}],"replies":[{"embeddable":true,"href":"https:\/\/linitiative.ca\/International\/wp-json\/wp\/v2\/comments?post=142037"}],"version-history":[{"count":0,"href":"https:\/\/linitiative.ca\/International\/wp-json\/wp\/v2\/posts\/142037\/revisions"}],"wp:attachment":[{"href":"https:\/\/linitiative.ca\/International\/wp-json\/wp\/v2\/media?parent=142037"}],"wp:term":[{"taxonomy":"category","embeddable":true,"href":"https:\/\/linitiative.ca\/International\/wp-json\/wp\/v2\/categories?post=142037"},{"taxonomy":"post_tag","embeddable":true,"href":"https:\/\/linitiative.ca\/International\/wp-json\/wp\/v2\/tags?post=142037"}],"curies":[{"name":"wp","href":"https:\/\/api.w.org\/{rel}","templated":true}]}}