{"id":142038,"date":"2022-03-01T16:13:09","date_gmt":"2022-03-01T21:13:09","guid":{"rendered":"https:\/\/linitiative.ca\/International\/tunisie-vers-des-coupes-salariales-pour-les-agents-des-caisses-sociales-en-greve\/"},"modified":"2022-03-01T16:13:09","modified_gmt":"2022-03-01T21:13:09","slug":"tunisie-vers-des-coupes-salariales-pour-les-agents-des-caisses-sociales-en-greve","status":"publish","type":"post","link":"https:\/\/linitiative.ca\/International\/tunisie-vers-des-coupes-salariales-pour-les-agents-des-caisses-sociales-en-greve\/","title":{"rendered":"Tunisie \u2013 Vers des coupes salariales pour les agents des caisses sociales en gr\u00e8ve"},"content":{"rendered":"<div>\n<p>Le directeur de la s\u00e9curit\u00e9 sociale au sein du minist\u00e8re des affaires sociales, Nader Ajjabi, a assur\u00e9, ce mardi, au micro d\u2019une radio priv\u00e9e, que la gr\u00e8ve men\u00e9e par les agents des caisses sociales est l\u00e9gitime, \u00e0 cause de la situation de flou dans laquelle ils op\u00e9raient sans statut particulier. Mais qu\u2019elle \u00e9tait contraire \u00e0 [\u2026]<\/p>\n<p>L\u2019article <a href=\"https:\/\/www.tunisienumerique.com\/tunisie-vers-des-coupes-salariales-pour-les-agents-des-caisses-sociales-en-greve\/\">Tunisie \u2013 Vers des coupes salariales pour les agents des caisses sociales en gr\u00e8ve<\/a> est apparu en premier sur <a href=\"https:\/\/www.tunisienumerique.com\/\">Tunisie<\/a>.<\/p>\n<\/div>\n<p>Auteur: LM<br \/>\n<a href=\"https:\/\/www.tunisienumerique.com\/tunisie-vers-des-coupes-salariales-pour-les-agents-des-caisses-sociales-en-greve\/\">Cliquez ici pour lire l&rsquo;article depuis sa source.<\/a><\/p>\n","protected":false},"excerpt":{"rendered":"<p>Le directeur de la s\u00e9curit\u00e9 sociale au sein du minist\u00e8re des affaires sociales, Nader Ajjabi, a assur\u00e9, ce mardi, au micro d\u2019une radio priv\u00e9e, que la gr\u00e8ve men\u00e9e par les agents des caisses sociales est l\u00e9gitime, \u00e0 cause de la situation de flou dans laquelle ils op\u00e9raient sans statut particulier. Mais qu\u2019elle \u00e9tait contraire \u00e0 [&hellip;]<\/p>\n","protected":false},"author":1789,"featured_media":0,"comment_status":"closed","ping_status":"closed","sticky":false,"template":"","format":"standard","meta":{"fifu_image_url":"","fifu_image_alt":"","footnotes":""},"categories":[73,55],"tags":[],"class_list":["post-142038","post","type-post","status-publish","format-standard","hentry","category-actualite","category-tunisie"],"_links":{"self":[{"href":"https:\/\/linitiative.ca\/International\/wp-json\/wp\/v2\/posts\/142038","targetHints":{"allow":["GET"]}}],"collection":[{"href":"https:\/\/linitiative.ca\/International\/wp-json\/wp\/v2\/posts"}],"about":[{"href":"https:\/\/linitiative.ca\/International\/wp-json\/wp\/v2\/types\/post"}],"author":[{"embeddable":true,"href":"https:\/\/linitiative.ca\/International\/wp-json\/wp\/v2\/users\/1789"}],"replies":[{"embeddable":true,"href":"https:\/\/linitiative.ca\/International\/wp-json\/wp\/v2\/comments?post=142038"}],"version-history":[{"count":0,"href":"https:\/\/linitiative.ca\/International\/wp-json\/wp\/v2\/posts\/142038\/revisions"}],"wp:attachment":[{"href":"https:\/\/linitiative.ca\/International\/wp-json\/wp\/v2\/media?parent=142038"}],"wp:term":[{"taxonomy":"category","embeddable":true,"href":"https:\/\/linitiative.ca\/International\/wp-json\/wp\/v2\/categories?post=142038"},{"taxonomy":"post_tag","embeddable":true,"href":"https:\/\/linitiative.ca\/International\/wp-json\/wp\/v2\/tags?post=142038"}],"curies":[{"name":"wp","href":"https:\/\/api.w.org\/{rel}","templated":true}]}}